{"id":51372,"date":"2016-05-28T01:15:13","date_gmt":"2016-05-28T00:15:13","guid":{"rendered":"http:\/\/2horizontes.com\/?p=51372"},"modified":"2016-05-28T01:15:13","modified_gmt":"2016-05-28T00:15:13","slug":"la-ue-acuerda-mas-sanciones-a-corea-del-norte-por-pruebas-nuclear-y-balistica","status":"publish","type":"post","link":"https:\/\/2horizontes.com\/?p=51372","title":{"rendered":"La UE acuerda m\u00e1s sanciones a Corea del Norte por pruebas nuclear y bal\u00edstica"},"content":{"rendered":"<div class=\"detalle-texto\">\n<div class=\"text\">\n<p>BRUSELAS. La Uni\u00f3n Europea (UE) acord\u00f3 hoy sanciones econ\u00f3micas adicionales contra Corea del Norte que \u201ccomplementan y refuerzan\u201d las ya impuestas por el Consejo de Seguridad de la ONU a trav\u00e9s de varias resoluciones, por una prueba nuclear y un lanzamiento con tecnolog\u00eda bal\u00edstica.<\/p>\n<p>El Consejo de la UE adopt\u00f3 estas medidas restrictivas por medio de un procedimiento escrito, inform\u00f3 esa instituci\u00f3n en un comunicado.<\/p>\n<p>Las sanciones est\u00e1n dirigidas contra los sectores del comercio, financiero, de inversiones y del transporte del pa\u00eds asi\u00e1tico.<\/p>\n<p>En respuesta a la prueba nuclear de Pyongyang del pasado 6 de enero y del lanzamiento que utiliz\u00f3 tecnolog\u00eda bal\u00edstica de misiles el 7 de febrero, el Consejo de Seguridad adopt\u00f3 el 2 de marzo una resoluci\u00f3n en la que impuso medidas restrictivas adicionales contra ese pa\u00eds.<\/p>\n<p>Los d\u00edas 5 y 31 de marzo el Consejo incorpor\u00f3 esa resoluci\u00f3n a la legislaci\u00f3n europea, y hoy ha decidido \u201ccomplementar y reforzar\u201d las sanciones impuestas desde la ONU.<\/p>\n<p>\u201cConsiderando que las acciones de Corea del Norte constituyen una grave amenaza para la paz y la seguridad internacionales en la regi\u00f3n y fuera de ella, la UE ha decidido expandir sus medidas restrictivas contra los programas nuclear, de armas de destrucci\u00f3n masiva y de misiles bal\u00edsticos\u201d, explic\u00f3.<\/p>\n<p>Esas medidas adicionales implican, en el sector comercial, la prohibici\u00f3n de importar petr\u00f3leo y bienes de lujo; de suministrar, vender o transferir art\u00edculos, materiales o equipos de uso dual y tecnolog\u00eda, y prohibir cualquier apoyo financiero al comercio con Corea del Norte.<\/p>\n<p>En el sector financiero, se proh\u00edbe la transferencia de fondos hacia y desde ese pa\u00eds, a excepci\u00f3n de ciertos prop\u00f3sitos definidos y autorizados previamente.<\/p>\n<p>En t\u00e9rminos de inversiones, se veta cualquier inversi\u00f3n norcoreana en la UE y de nacionales o entidades europeos en las industrias qu\u00edmica, de miner\u00eda o refiner\u00eda, as\u00ed como en entidades relacionadas con programas ilegales de Corea del Norte.<\/p>\n<p>Por \u00faltimo, en el sector de los transportes, se proh\u00edbe a cualquier avi\u00f3n operado por aerol\u00edneas norcoreanas o que haya salido de ese pa\u00eds aterrizar, despegar o sobrevolar territorio comunitario, y a todos los barcos en posesi\u00f3n, operados o con personal de Corea del Norte entrar en puertos de la UE.<\/p>\n<p>Las primeras medidas restrictivas de la UE contra Corea del Norte se introdujeron en diciembre de 2006.<\/p>\n<p>Las sanciones existentes implementan todas las resoluciones del Consejo de Seguridad de la ONU adoptadas tras las pruebas nucleares y lanzamientos que utilizaron tecnolog\u00eda de misiles bal\u00edsticos norcoreanos.<\/p>\n<p>La UE ya ten\u00eda en vigor prohibiciones a la exportaci\u00f3n e importaci\u00f3n de armas, bienes y tecnolog\u00eda que pueda contribuir al desarrollo de programas nucleares, de armas de destrucci\u00f3n masiva o de misiles bal\u00edsticos, as\u00ed como otras restricciones en los sectores financiero, comercial y de transportes, record\u00f3 el Consejo.<\/p>\n<p>El pasado 5 de marzo el Consejo ya transpuso a la legislaci\u00f3n europea un primer grupo de medidas para cumplir con la resoluci\u00f3n 2270 del Consejo de Seguridad de Naciones Unidas, al a\u00f1adir a diecis\u00e9is personas y doce entidades a la lista de sancionados que no pueden viajar a la UE o cuyos activos en territorio comunitario est\u00e1n congelados.<\/p>\n<p>Adem\u00e1s, el 19 de mayo el Consejo elev\u00f3 el n\u00famero total de personas sujetas a medidas restrictivas en la UE a 66 y, de entidades, a 42.<\/p>\n<p>La instituci\u00f3n apunt\u00f3 que las actas legales para que la decisi\u00f3n de hoy entre en vigor ser\u00e1n publicadas en el Diario Oficial de la UE ma\u00f1ana.<\/p>\n<\/div>\n<\/div>\n","protected":false},"excerpt":{"rendered":"<p>BRUSELAS. La Uni\u00f3n Europea (UE) acord\u00f3 hoy sanciones econ\u00f3micas adicionales contra Corea del Norte que \u201ccomplementan y refuerzan\u201d las ya impuestas por el Consejo de Seguridad de la ONU a trav\u00e9s de varias resoluciones, por una prueba nuclear y un lanzamiento con tecnolog\u00eda bal\u00edstica. El Consejo de la UE adopt\u00f3 estas medidas restrictivas por medio [&hellip;]<\/p>\n","protected":false},"author":13240,"featured_media":51376,"comment_status":"open","ping_status":"open","sticky":false,"template":"","format":"standard","meta":{"footnotes":""},"categories":[86,40,43],"tags":[],"class_list":["post-51372","post","type-post","status-publish","format-standard","has-post-thumbnail","hentry","category-europa","category-internacionales","category-politica"],"_links":{"self":[{"href":"https:\/\/2horizontes.com\/index.php?rest_route=\/wp\/v2\/posts\/51372","targetHints":{"allow":["GET"]}}],"collection":[{"href":"https:\/\/2horizontes.com\/index.php?rest_route=\/wp\/v2\/posts"}],"about":[{"href":"https:\/\/2horizontes.com\/index.php?rest_route=\/wp\/v2\/types\/post"}],"author":[{"embeddable":true,"href":"https:\/\/2horizontes.com\/index.php?rest_route=\/wp\/v2\/users\/13240"}],"replies":[{"embeddable":true,"href":"https:\/\/2horizontes.com\/index.php?rest_route=%2Fwp%2Fv2%2Fcomments&post=51372"}],"version-history":[{"count":1,"href":"https:\/\/2horizontes.com\/index.php?rest_route=\/wp\/v2\/posts\/51372\/revisions"}],"predecessor-version":[{"id":51377,"href":"https:\/\/2horizontes.com\/index.php?rest_route=\/wp\/v2\/posts\/51372\/revisions\/51377"}],"wp:featuredmedia":[{"embeddable":true,"href":"https:\/\/2horizontes.com\/index.php?rest_route=\/wp\/v2\/media\/51376"}],"wp:attachment":[{"href":"https:\/\/2horizontes.com\/index.php?rest_route=%2Fwp%2Fv2%2Fmedia&parent=51372"}],"wp:term":[{"taxonomy":"category","embeddable":true,"href":"https:\/\/2horizontes.com\/index.php?rest_route=%2Fwp%2Fv2%2Fcategories&post=51372"},{"taxonomy":"post_tag","embeddable":true,"href":"https:\/\/2horizontes.com\/index.php?rest_route=%2Fwp%2Fv2%2Ftags&post=51372"}],"curies":[{"name":"wp","href":"https:\/\/api.w.org\/{rel}","templated":true}]}}