{"id":51371,"date":"2016-05-28T01:12:45","date_gmt":"2016-05-28T00:12:45","guid":{"rendered":"http:\/\/2horizontes.com\/?p=51371"},"modified":"2016-05-28T01:12:45","modified_gmt":"2016-05-28T00:12:45","slug":"dictan-tres-meses-de-prision-preventiva-a-hombre-comercializaba-vehiculos-de-choferes-asesinados","status":"publish","type":"post","link":"https:\/\/2horizontes.com\/?p=51371","title":{"rendered":"Dictan tres meses de prisi\u00f3n preventiva a hombre comercializaba veh\u00edculos de choferes asesinados"},"content":{"rendered":"<div class=\"text\">\n<p>SAN PEDRO DE MACOR\u00cdS. La jueza del Juzgado de Atenci\u00f3n Permanente de San Pedro de Macor\u00eds, Faride Abut, dict\u00f3 tres meses de prisi\u00f3n preventiva a Jaime Valentin Encarnaci\u00f3n, acusado de supuestamente comercializar los veh\u00edculos propiedad de los cuatro choferes asesinados por una banda.<\/p>\n<p>El dispositivo judicial establece que el acusado cumplir\u00e1 la medida en el Centro de Correcci\u00f3n y Rehabilitaci\u00f3n de San Pedro de Macor\u00eds.<\/p>\n<p>El propio acusado dijo que reside en Jiman\u00ed, ciudad donde recibi\u00f3 los camiones, y luego cruzaba al otro lado de la frontera, hasta Hait\u00ed.<\/p>\n<p>En tanto, que ser\u00e1 el pr\u00f3ximo martes cuando se le conozca medida de coerci\u00f3n a tres de los imputados por el caso.<\/p>\n<p>El hombre que inicialmente se identific\u00f3 como Divanis Adames Lorenzo es acusado de comprar los veh\u00edculos robados por la banda que secuestr\u00f3, tortur\u00f3 y asesin\u00f3 a cuatro choferes. Tres de ellos fueron lazoandos vivos a una fosa, mientras que otro fue hallado atado a un block en el r\u00edo Higuamo.<\/p>\n<p>El sujeto fue apresado en El\u00edas Pi\u00f1a y trasladado al comando sureste de la Polic\u00eda, siendo presentado en la tarde de este viernes por ante al juez de la instrucci\u00f3n.<\/p>\n<p>Unas siete personas son investigadas para determinar si tienen relaci\u00f3n con la red de la regi\u00f3n Este denominada \u201cLos Verdugos de la Fosa\u201d, que vend\u00edan los veh\u00edculos robados entre 60 mil y 65 mil pesos en la frontera.<\/p>\n<p>La Polic\u00eda y el Ministerio P\u00fablico confirmaron la muerte de cuatro choferes de minibuses y camiones asesinados por la banda, y el fiscal N\u00fa\u00f1ez dijo que pasan de 15 los veh\u00edculos robados por la red que operaba en la regi\u00f3n Este.<\/p>\n<p>Los integrantes de banda eran Radham\u00e9s Antonio Ram\u00edrez, sindicado como cabecilla, y quien cumpli\u00f3 prisi\u00f3n de 18 a\u00f1os de una pena de 20 por asalto y homicidio a mano armada; Hugo Zorrilla Alfonseca (Palulo) y su esposa, la sargento de la Polic\u00eda, Luz Divina Mart\u00ednez, que se dijo prestaba la pistola a su c\u00f3nyuge; Tony Alberto Medrano, y Hansel Peralta Mercedes. A Ram\u00edrez le impusieron un a\u00f1o de prisi\u00f3n como medida de coerci\u00f3n.<\/p>\n<p>Por el caso, la Polic\u00eda busca a un haitiano conocido como \u201cYan\u201d, a quien se acusa junto a Adames Lorenzo de negociar en El\u00edas Pi\u00f1a los veh\u00edculos y pasarlos a territorio haitiano.<\/p>\n<p>El grupo tambi\u00e9n asesin\u00f3 al chofer de camiones, Germ\u00e1n Quezada Arredondo, y a los transportistas de pasajeros David Polanco, Gary Wilson Rodr\u00edguez y uno identificado como Thousand.<\/p>\n<p>Los fiscales adjuntos Carmen Mohammed y Eladio Cordero est\u00e1n al frente de las investigaciones.<\/p>\n<\/div>\n","protected":false},"excerpt":{"rendered":"<p>SAN PEDRO DE MACOR\u00cdS. La jueza del Juzgado de Atenci\u00f3n Permanente de San Pedro de Macor\u00eds, Faride Abut, dict\u00f3 tres meses de prisi\u00f3n preventiva a Jaime Valentin Encarnaci\u00f3n, acusado de supuestamente comercializar los veh\u00edculos propiedad de los cuatro choferes asesinados por una banda. El dispositivo judicial establece que el acusado cumplir\u00e1 la medida en el [&hellip;]<\/p>\n","protected":false},"author":13240,"featured_media":51374,"comment_status":"open","ping_status":"open","sticky":false,"template":"","format":"standard","meta":{"footnotes":""},"categories":[53,44],"tags":[],"class_list":["post-51371","post","type-post","status-publish","format-standard","has-post-thumbnail","hentry","category-provincias","category-republica-dominicana"],"_links":{"self":[{"href":"https:\/\/2horizontes.com\/index.php?rest_route=\/wp\/v2\/posts\/51371","targetHints":{"allow":["GET"]}}],"collection":[{"href":"https:\/\/2horizontes.com\/index.php?rest_route=\/wp\/v2\/posts"}],"about":[{"href":"https:\/\/2horizontes.com\/index.php?rest_route=\/wp\/v2\/types\/post"}],"author":[{"embeddable":true,"href":"https:\/\/2horizontes.com\/index.php?rest_route=\/wp\/v2\/users\/13240"}],"replies":[{"embeddable":true,"href":"https:\/\/2horizontes.com\/index.php?rest_route=%2Fwp%2Fv2%2Fcomments&post=51371"}],"version-history":[{"count":1,"href":"https:\/\/2horizontes.com\/index.php?rest_route=\/wp\/v2\/posts\/51371\/revisions"}],"predecessor-version":[{"id":51375,"href":"https:\/\/2horizontes.com\/index.php?rest_route=\/wp\/v2\/posts\/51371\/revisions\/51375"}],"wp:featuredmedia":[{"embeddable":true,"href":"https:\/\/2horizontes.com\/index.php?rest_route=\/wp\/v2\/media\/51374"}],"wp:attachment":[{"href":"https:\/\/2horizontes.com\/index.php?rest_route=%2Fwp%2Fv2%2Fmedia&parent=51371"}],"wp:term":[{"taxonomy":"category","embeddable":true,"href":"https:\/\/2horizontes.com\/index.php?rest_route=%2Fwp%2Fv2%2Fcategories&post=51371"},{"taxonomy":"post_tag","embeddable":true,"href":"https:\/\/2horizontes.com\/index.php?rest_route=%2Fwp%2Fv2%2Ftags&post=51371"}],"curies":[{"name":"wp","href":"https:\/\/api.w.org\/{rel}","templated":true}]}}