{"id":51311,"date":"2016-05-27T09:45:28","date_gmt":"2016-05-27T08:45:28","guid":{"rendered":"http:\/\/2horizontes.com\/?p=51311"},"modified":"2016-05-27T09:45:28","modified_gmt":"2016-05-27T08:45:28","slug":"fallece-una-nina-de-13-anos-al-descolgarse-por-el-balcon-para-salir-de-fiesta","status":"publish","type":"post","link":"https:\/\/2horizontes.com\/?p=51311","title":{"rendered":"Fallece una ni\u00f1a de 13 a\u00f1os al descolgarse por el balc\u00f3n para salir de fiesta"},"content":{"rendered":"<p>Una ni\u00f1a de 13 a\u00f1os falleci\u00f3 la semana pasada en Ciempozuelos (Madrid) como consecuencia de las heridas que sufri\u00f3 al caer desde un balc\u00f3n de su domicilio, en un segundo piso, cuando intentaba escapar de casa para salir de fiesta.<\/p>\n<p>Seg\u00fan ha confirmado la Guardia Civil, el suceso ocurri\u00f3 el pasado d\u00eda 15 sobre las 23:30 horas, cuando la adolescente decidi\u00f3 salir de la casa por un balc\u00f3n despu\u00e9s de que sus padres le prohibieran ir a las fiestas patronales del pueblo.<\/p>\n<p>Al intentarlo se precipit\u00f3 al vac\u00edo, sufriendo heridas muy graves por las que falleci\u00f3 dos d\u00edas despu\u00e9s en el hospital.<\/p>\n<p>La Guardia Civil da por pr\u00e1cticamente cerrada la investigaci\u00f3n sobre este suceso accidental, seg\u00fan las fuentes.<\/p>\n","protected":false},"excerpt":{"rendered":"<p>Una ni\u00f1a de 13 a\u00f1os falleci\u00f3 la semana pasada en Ciempozuelos (Madrid) como consecuencia de las heridas que sufri\u00f3 al caer desde un balc\u00f3n de su domicilio, en un segundo piso, cuando intentaba escapar de casa para salir de fiesta. Seg\u00fan ha confirmado la Guardia Civil, el suceso ocurri\u00f3 el pasado d\u00eda 15 sobre las [&hellip;]<\/p>\n","protected":false},"author":3,"featured_media":51312,"comment_status":"open","ping_status":"open","sticky":false,"template":"","format":"standard","meta":{"footnotes":""},"categories":[85],"tags":[],"class_list":["post-51311","post","type-post","status-publish","format-standard","has-post-thumbnail","hentry","category-espana"],"_links":{"self":[{"href":"https:\/\/2horizontes.com\/index.php?rest_route=\/wp\/v2\/posts\/51311","targetHints":{"allow":["GET"]}}],"collection":[{"href":"https:\/\/2horizontes.com\/index.php?rest_route=\/wp\/v2\/posts"}],"about":[{"href":"https:\/\/2horizontes.com\/index.php?rest_route=\/wp\/v2\/types\/post"}],"author":[{"embeddable":true,"href":"https:\/\/2horizontes.com\/index.php?rest_route=\/wp\/v2\/users\/3"}],"replies":[{"embeddable":true,"href":"https:\/\/2horizontes.com\/index.php?rest_route=%2Fwp%2Fv2%2Fcomments&post=51311"}],"version-history":[{"count":1,"href":"https:\/\/2horizontes.com\/index.php?rest_route=\/wp\/v2\/posts\/51311\/revisions"}],"predecessor-version":[{"id":51313,"href":"https:\/\/2horizontes.com\/index.php?rest_route=\/wp\/v2\/posts\/51311\/revisions\/51313"}],"wp:featuredmedia":[{"embeddable":true,"href":"https:\/\/2horizontes.com\/index.php?rest_route=\/wp\/v2\/media\/51312"}],"wp:attachment":[{"href":"https:\/\/2horizontes.com\/index.php?rest_route=%2Fwp%2Fv2%2Fmedia&parent=51311"}],"wp:term":[{"taxonomy":"category","embeddable":true,"href":"https:\/\/2horizontes.com\/index.php?rest_route=%2Fwp%2Fv2%2Fcategories&post=51311"},{"taxonomy":"post_tag","embeddable":true,"href":"https:\/\/2horizontes.com\/index.php?rest_route=%2Fwp%2Fv2%2Ftags&post=51311"}],"curies":[{"name":"wp","href":"https:\/\/api.w.org\/{rel}","templated":true}]}}