{"id":51255,"date":"2016-05-26T15:34:07","date_gmt":"2016-05-26T14:34:07","guid":{"rendered":"http:\/\/2horizontes.com\/?p=51255"},"modified":"2016-05-26T15:34:07","modified_gmt":"2016-05-26T14:34:07","slug":"netflix-estrena-primer-trailer-de-el-chapo","status":"publish","type":"post","link":"https:\/\/2horizontes.com\/?p=51255","title":{"rendered":"Netflix estrena primer trailer de El Chapo"},"content":{"rendered":"<p>Netflix comparti\u00f3 en sus redes sociales el video apertura de la serie, la cual se estrenar\u00e1 en 2017.<\/p>\n<p>El &#8216;teaser&#8217; muestra im\u00e1genes en acuarela de M\u00e9xico, Estados Unidos y el narcotr\u00e1fico, adem\u00e1s de armas y sangre que se conjugan para formar la cara del l\u00edder del C\u00e1rtel de Sinaloa.<\/p>\n<p>El pasado 18 de mayo, Netflix y Univision Story House anunciaron la producci\u00f3n de la serie dram\u00e1tica basada en la vida de Guzm\u00e1n Loera que llevar\u00e1 el sobrenombre del narcotraficante: &#8216;El Chapo&#8217;.<\/p>\n","protected":false},"excerpt":{"rendered":"<p>Netflix comparti\u00f3 en sus redes sociales el video apertura de la serie, la cual se estrenar\u00e1 en 2017. El &#8216;teaser&#8217; muestra im\u00e1genes en acuarela de M\u00e9xico, Estados Unidos y el narcotr\u00e1fico, adem\u00e1s de armas y sangre que se conjugan para formar la cara del l\u00edder del C\u00e1rtel de Sinaloa. El pasado 18 de mayo, Netflix [&hellip;]<\/p>\n","protected":false},"author":13240,"featured_media":51259,"comment_status":"open","ping_status":"open","sticky":false,"template":"","format":"standard","meta":{"footnotes":""},"categories":[1,40],"tags":[],"class_list":["post-51255","post","type-post","status-publish","format-standard","has-post-thumbnail","hentry","category-entretenimiento","category-internacionales"],"_links":{"self":[{"href":"https:\/\/2horizontes.com\/index.php?rest_route=\/wp\/v2\/posts\/51255","targetHints":{"allow":["GET"]}}],"collection":[{"href":"https:\/\/2horizontes.com\/index.php?rest_route=\/wp\/v2\/posts"}],"about":[{"href":"https:\/\/2horizontes.com\/index.php?rest_route=\/wp\/v2\/types\/post"}],"author":[{"embeddable":true,"href":"https:\/\/2horizontes.com\/index.php?rest_route=\/wp\/v2\/users\/13240"}],"replies":[{"embeddable":true,"href":"https:\/\/2horizontes.com\/index.php?rest_route=%2Fwp%2Fv2%2Fcomments&post=51255"}],"version-history":[{"count":1,"href":"https:\/\/2horizontes.com\/index.php?rest_route=\/wp\/v2\/posts\/51255\/revisions"}],"predecessor-version":[{"id":51260,"href":"https:\/\/2horizontes.com\/index.php?rest_route=\/wp\/v2\/posts\/51255\/revisions\/51260"}],"wp:featuredmedia":[{"embeddable":true,"href":"https:\/\/2horizontes.com\/index.php?rest_route=\/wp\/v2\/media\/51259"}],"wp:attachment":[{"href":"https:\/\/2horizontes.com\/index.php?rest_route=%2Fwp%2Fv2%2Fmedia&parent=51255"}],"wp:term":[{"taxonomy":"category","embeddable":true,"href":"https:\/\/2horizontes.com\/index.php?rest_route=%2Fwp%2Fv2%2Fcategories&post=51255"},{"taxonomy":"post_tag","embeddable":true,"href":"https:\/\/2horizontes.com\/index.php?rest_route=%2Fwp%2Fv2%2Ftags&post=51255"}],"curies":[{"name":"wp","href":"https:\/\/api.w.org\/{rel}","templated":true}]}}