{"id":51245,"date":"2016-05-26T15:30:09","date_gmt":"2016-05-26T14:30:09","guid":{"rendered":"http:\/\/2horizontes.com\/?p=51245"},"modified":"2016-05-26T15:30:09","modified_gmt":"2016-05-26T14:30:09","slug":"parlasur-visitara-venezuela-para-observar-la-crisis","status":"publish","type":"post","link":"https:\/\/2horizontes.com\/?p=51245","title":{"rendered":"Parlasur visitar\u00e1 Venezuela para observar la crisis"},"content":{"rendered":"<p>Jos\u00e9 Antonio Correa, diputado al Parlasur, inform\u00f3 que est\u00e1 previsto que el 7 de junio llegue una comisi\u00f3n de Derechos Humanos del Parlamento del Mercado Com\u00fan del Sur (Parlasur) al pa\u00eds. Su objetivo es constatar las condiciones en las que viven los venezolanos y c\u00f3mo se enfrentan a la crisis.<\/p>\n<p>\u201cEl presidente del Parlasur,\u00a0Jorge Taiana, aprob\u00f3 la posibilidad de que una comisi\u00f3n visite al pa\u00eds para que constaten de cerca la situaci\u00f3n\u201d, se\u00f1al\u00f3 a <em>Uni\u00f3n Radio<\/em><\/p>\n<p>Correa consider\u00f3 que el di\u00e1logo es importante y es uno de los puntos en los que participar\u00e1n la comisi\u00f3n luego de su llegada a Venezuela.<\/p>\n<p>\u201cNo se ha dado y no se debe dejar de insistir en el di\u00e1logo, porque si no lo hay, se impondr\u00e1 la fuerza. Yo no estoy de acuerdo con una salida forzada. El gobierno ha hecho lo posible por reprimir y violar los derecho fundamentales de los ciudadanos\u201d,<\/p>\n<p>El legislador insisti\u00f3 en que la mediaci\u00f3n internacional, provenga de la Iglesia o cualquier figura, es fundamental para la oposici\u00f3n venezolana y el gobierno<\/p>\n<p>\u201cSi el gobierno es capaz de ser garante par que otros tengan paz, porque no serlo para que haya paz en Venezuela\u201d, agreg\u00f3.<\/p>\n<p>Todav\u00eda no hay precisi\u00f3n sobre cu\u00e1ntos parlamentarios integrar\u00edan la comisi\u00f3n. Correa aclar\u00f3 que a\u00fan es preciso que Taiana se comunique con la canciller Delcy Rodr\u00edguez para notificar la visita oficial.<\/p>\n","protected":false},"excerpt":{"rendered":"<p>Jos\u00e9 Antonio Correa, diputado al Parlasur, inform\u00f3 que est\u00e1 previsto que el 7 de junio llegue una comisi\u00f3n de Derechos Humanos del Parlamento del Mercado Com\u00fan del Sur (Parlasur) al pa\u00eds. Su objetivo es constatar las condiciones en las que viven los venezolanos y c\u00f3mo se enfrentan a la crisis. \u201cEl presidente del Parlasur,\u00a0Jorge Taiana, [&hellip;]<\/p>\n","protected":false},"author":13240,"featured_media":51254,"comment_status":"open","ping_status":"open","sticky":false,"template":"","format":"standard","meta":{"footnotes":""},"categories":[40,43,48],"tags":[],"class_list":["post-51245","post","type-post","status-publish","format-standard","has-post-thumbnail","hentry","category-internacionales","category-politica","category-venezuela"],"_links":{"self":[{"href":"https:\/\/2horizontes.com\/index.php?rest_route=\/wp\/v2\/posts\/51245","targetHints":{"allow":["GET"]}}],"collection":[{"href":"https:\/\/2horizontes.com\/index.php?rest_route=\/wp\/v2\/posts"}],"about":[{"href":"https:\/\/2horizontes.com\/index.php?rest_route=\/wp\/v2\/types\/post"}],"author":[{"embeddable":true,"href":"https:\/\/2horizontes.com\/index.php?rest_route=\/wp\/v2\/users\/13240"}],"replies":[{"embeddable":true,"href":"https:\/\/2horizontes.com\/index.php?rest_route=%2Fwp%2Fv2%2Fcomments&post=51245"}],"version-history":[{"count":1,"href":"https:\/\/2horizontes.com\/index.php?rest_route=\/wp\/v2\/posts\/51245\/revisions"}],"predecessor-version":[{"id":51258,"href":"https:\/\/2horizontes.com\/index.php?rest_route=\/wp\/v2\/posts\/51245\/revisions\/51258"}],"wp:featuredmedia":[{"embeddable":true,"href":"https:\/\/2horizontes.com\/index.php?rest_route=\/wp\/v2\/media\/51254"}],"wp:attachment":[{"href":"https:\/\/2horizontes.com\/index.php?rest_route=%2Fwp%2Fv2%2Fmedia&parent=51245"}],"wp:term":[{"taxonomy":"category","embeddable":true,"href":"https:\/\/2horizontes.com\/index.php?rest_route=%2Fwp%2Fv2%2Fcategories&post=51245"},{"taxonomy":"post_tag","embeddable":true,"href":"https:\/\/2horizontes.com\/index.php?rest_route=%2Fwp%2Fv2%2Ftags&post=51245"}],"curies":[{"name":"wp","href":"https:\/\/api.w.org\/{rel}","templated":true}]}}