{"id":51244,"date":"2016-05-26T15:23:04","date_gmt":"2016-05-26T14:23:04","guid":{"rendered":"http:\/\/2horizontes.com\/?p=51244"},"modified":"2016-05-26T15:23:04","modified_gmt":"2016-05-26T14:23:04","slug":"el-curioso-record-que-igualo-nadal-en-roland-garros","status":"publish","type":"post","link":"https:\/\/2horizontes.com\/?p=51244","title":{"rendered":"El curioso r\u00e9cord que igual\u00f3 Nadal en Roland Garros"},"content":{"rendered":"<div class=\"mce-body mce\">\n<p class=\"DETALLE_N_titulo \">El espa\u00f1ol Rafael Nadal igual\u00f3 hoy un curioso r\u00e9cord, el de partidos disputados en la pista Philippe Chatrier de\u00a0<span class=\"classCadenaBusqueda\">Roland<\/span>\u00a0<span class=\"classCadenaBusqueda\">Garros<\/span>, 56, que tiene desde 1996 la alemana Steffi Graf.<\/p>\n<div id=\"texto\" class=\"texto_txt\">\n<div class=\"DETALLE_N_texto \">\n<p><span id=\"ctl14_lblMostra\">El duelo del nueve veces campe\u00f3n del Grand Slam de Par\u00eds contra el argentino Facundo Bagnis en segunda ronda de esta edici\u00f3n se produce exactamente once a\u00f1os y un d\u00eda despu\u00e9s de su debut en la misma contra el belga Xabier Malisse, y le permiti\u00f3 igualar a la campeona germana en duelos disputados en la central.<\/p>\n<p>Desde la construcci\u00f3n de esa pista en 1928 son los dos tenistas que m\u00e1s veces han sido programados en la central, un partido m\u00e1s que el suizo Roger Federer.<\/p>\n<p>Les sigue el franc\u00e9s Yannick Noah, \u00faltimo local en alzarse con la Copa de los Mosqueteros, con 45 partidos, uno m\u00e1s que el sueco Bj\u00f6rn Borg.<\/p>\n<p>El serbio Novak Djokovic, actual n\u00famero uno del mundo, por el momento cuenta con 40 presencias en la m\u00edtica pista, escenario de la final del \u00fanico Grand Slam que todav\u00eda no ha conquistado.<\/span><\/p>\n<\/div>\n<\/div>\n<\/div>\n","protected":false},"excerpt":{"rendered":"<p>El espa\u00f1ol Rafael Nadal igual\u00f3 hoy un curioso r\u00e9cord, el de partidos disputados en la pista Philippe Chatrier de\u00a0Roland\u00a0Garros, 56, que tiene desde 1996 la alemana Steffi Graf. El duelo del nueve veces campe\u00f3n del Grand Slam de Par\u00eds contra el argentino Facundo Bagnis en segunda ronda de esta edici\u00f3n se produce exactamente once a\u00f1os [&hellip;]<\/p>\n","protected":false},"author":13240,"featured_media":51249,"comment_status":"open","ping_status":"open","sticky":false,"template":"","format":"standard","meta":{"footnotes":""},"categories":[42,86,40],"tags":[],"class_list":["post-51244","post","type-post","status-publish","format-standard","has-post-thumbnail","hentry","category-deportes","category-europa","category-internacionales"],"_links":{"self":[{"href":"https:\/\/2horizontes.com\/index.php?rest_route=\/wp\/v2\/posts\/51244","targetHints":{"allow":["GET"]}}],"collection":[{"href":"https:\/\/2horizontes.com\/index.php?rest_route=\/wp\/v2\/posts"}],"about":[{"href":"https:\/\/2horizontes.com\/index.php?rest_route=\/wp\/v2\/types\/post"}],"author":[{"embeddable":true,"href":"https:\/\/2horizontes.com\/index.php?rest_route=\/wp\/v2\/users\/13240"}],"replies":[{"embeddable":true,"href":"https:\/\/2horizontes.com\/index.php?rest_route=%2Fwp%2Fv2%2Fcomments&post=51244"}],"version-history":[{"count":1,"href":"https:\/\/2horizontes.com\/index.php?rest_route=\/wp\/v2\/posts\/51244\/revisions"}],"predecessor-version":[{"id":51251,"href":"https:\/\/2horizontes.com\/index.php?rest_route=\/wp\/v2\/posts\/51244\/revisions\/51251"}],"wp:featuredmedia":[{"embeddable":true,"href":"https:\/\/2horizontes.com\/index.php?rest_route=\/wp\/v2\/media\/51249"}],"wp:attachment":[{"href":"https:\/\/2horizontes.com\/index.php?rest_route=%2Fwp%2Fv2%2Fmedia&parent=51244"}],"wp:term":[{"taxonomy":"category","embeddable":true,"href":"https:\/\/2horizontes.com\/index.php?rest_route=%2Fwp%2Fv2%2Fcategories&post=51244"},{"taxonomy":"post_tag","embeddable":true,"href":"https:\/\/2horizontes.com\/index.php?rest_route=%2Fwp%2Fv2%2Ftags&post=51244"}],"curies":[{"name":"wp","href":"https:\/\/api.w.org\/{rel}","templated":true}]}}