{"id":51243,"date":"2016-05-26T15:20:39","date_gmt":"2016-05-26T14:20:39","guid":{"rendered":"http:\/\/2horizontes.com\/?p=51243"},"modified":"2016-05-26T15:20:39","modified_gmt":"2016-05-26T14:20:39","slug":"trailer-beauty-and-the-beast-arrasa-con-918-millones-de-visitas-internet","status":"publish","type":"post","link":"https:\/\/2horizontes.com\/?p=51243","title":{"rendered":"Tr\u00e1iler \u201cBeauty and the Beast\u201d arrasa con 91,8 millones de visitas internet"},"content":{"rendered":"<div class=\"text\">\n<p>LOS \u00c1NGELES. El primer tr\u00e1iler de \u201cBeauty and the Beast\u201d, la nueva producci\u00f3n de Disney, est\u00e1 arrasando en internet, donde en 24 horas ha logrado 91,8 millones de visitas de estas primeras im\u00e1genes en las que Emma Watson (Bella) es el \u00fanico personaje que aparece, aunque solo durante unos segundos.<\/p>\n<p>\u201cGracias a nuestros fans por conseguir el r\u00e9cord de 91,8 millones de visitas para el primer tr\u00e1iler de \u2018Beauty and the Beast\u2019 en 24 horas\u201d, resalt\u00f3 Disney en su p\u00e1gina de Facebook.<\/p>\n<p>Esos casi 92 millones de visitas en un d\u00eda dejan muy atr\u00e1s la cifra lograda por el segundo tr\u00e1iler de \u201cStar Wars: The Force Awakens\u201d, que sum\u00f3 55 millones de visionados en sus primeras 24 horas en internet cuando se lanz\u00f3 el pasado octubre.<\/p>\n<p>Para este tr\u00e1iler de la nueva versi\u00f3n del filme de animaci\u00f3n de 1991, Disney ha apostado hasta por introducir cambios en el s\u00edmbolo del castillo que da inicio a todas sus pel\u00edculas que, en esta ocasi\u00f3n, adquiere un aspecto m\u00e1s l\u00fagubre y se alza sobre un paisaje nocturno y nevado.<\/p>\n<p>La gran protagonista de este primer aperitivo -de 1,30 minutos de duraci\u00f3n-, de la nueva versi\u00f3n de \u201cLa Bella y la Bestia\u201d con personajes reales, es Emma Watson, que da vida a la joven Bella y que es la \u00fanica que aparece en el tr\u00e1iler, aunque solo durante un segundo y de manera difusa, mientras observa un rosa roja custodiada bajo un cristal como \u201cAlicia en el pa\u00eds de las Maravillas\u201d, \u201cBlancanieves\u201d, \u201cEl libro de la selva\u201d y \u201cMal\u00e9fica\u201d, entre otras.<\/p>\n<\/div>\n","protected":false},"excerpt":{"rendered":"<p>LOS \u00c1NGELES. El primer tr\u00e1iler de \u201cBeauty and the Beast\u201d, la nueva producci\u00f3n de Disney, est\u00e1 arrasando en internet, donde en 24 horas ha logrado 91,8 millones de visitas de estas primeras im\u00e1genes en las que Emma Watson (Bella) es el \u00fanico personaje que aparece, aunque solo durante unos segundos. \u201cGracias a nuestros fans por [&hellip;]<\/p>\n","protected":false},"author":13240,"featured_media":51246,"comment_status":"open","ping_status":"open","sticky":false,"template":"","format":"standard","meta":{"footnotes":""},"categories":[1,40],"tags":[],"class_list":["post-51243","post","type-post","status-publish","format-standard","has-post-thumbnail","hentry","category-entretenimiento","category-internacionales"],"_links":{"self":[{"href":"https:\/\/2horizontes.com\/index.php?rest_route=\/wp\/v2\/posts\/51243","targetHints":{"allow":["GET"]}}],"collection":[{"href":"https:\/\/2horizontes.com\/index.php?rest_route=\/wp\/v2\/posts"}],"about":[{"href":"https:\/\/2horizontes.com\/index.php?rest_route=\/wp\/v2\/types\/post"}],"author":[{"embeddable":true,"href":"https:\/\/2horizontes.com\/index.php?rest_route=\/wp\/v2\/users\/13240"}],"replies":[{"embeddable":true,"href":"https:\/\/2horizontes.com\/index.php?rest_route=%2Fwp%2Fv2%2Fcomments&post=51243"}],"version-history":[{"count":1,"href":"https:\/\/2horizontes.com\/index.php?rest_route=\/wp\/v2\/posts\/51243\/revisions"}],"predecessor-version":[{"id":51248,"href":"https:\/\/2horizontes.com\/index.php?rest_route=\/wp\/v2\/posts\/51243\/revisions\/51248"}],"wp:featuredmedia":[{"embeddable":true,"href":"https:\/\/2horizontes.com\/index.php?rest_route=\/wp\/v2\/media\/51246"}],"wp:attachment":[{"href":"https:\/\/2horizontes.com\/index.php?rest_route=%2Fwp%2Fv2%2Fmedia&parent=51243"}],"wp:term":[{"taxonomy":"category","embeddable":true,"href":"https:\/\/2horizontes.com\/index.php?rest_route=%2Fwp%2Fv2%2Fcategories&post=51243"},{"taxonomy":"post_tag","embeddable":true,"href":"https:\/\/2horizontes.com\/index.php?rest_route=%2Fwp%2Fv2%2Ftags&post=51243"}],"curies":[{"name":"wp","href":"https:\/\/api.w.org\/{rel}","templated":true}]}}