{"id":51155,"date":"2016-05-25T13:01:32","date_gmt":"2016-05-25T12:01:32","guid":{"rendered":"http:\/\/2horizontes.com\/?p=51155"},"modified":"2016-05-25T13:01:32","modified_gmt":"2016-05-25T12:01:32","slug":"congresista-de-ee-uu-denuncia-detencion-de-la-lider-de-las-damas-de-blanco","status":"publish","type":"post","link":"https:\/\/2horizontes.com\/?p=51155","title":{"rendered":"Congresista de EE.UU. denuncia detenci\u00f3n de la l\u00edder de las Damas de Blanco"},"content":{"rendered":"<div id=\"ArticleAuthorDiv\" class=\"article-body-author\"><b>EFE<\/b><\/div>\n<div id=\"ArticleSourceDiv\" class=\"article-body-author\"><b>Washington<\/b><\/div>\n<div id=\"ArticleBody\">\n<p>La congresista republicana Ileana Ros-Lehtinen denunci\u00f3 ayer en el pleno de la C\u00e1mara baja de Estados Unidos la detenci\u00f3n de la l\u00edder del grupo disidente cubano de las Damas de Blanco, Berta Soler, as\u00ed como de otras 27 activistas.<\/p>\n<p>Ros-Lehtinen vincul\u00f3 directamente el aperturismo del Gobierno estadounidense hacia Cuba con el arresto de las opositoras, quienes dijo se enfrentan a cargos de \u00abresistencia\u00bb a la autoridad.<\/p>\n<p>\u00abS\u00f3lo en los reg\u00edmenes comunistas y bajo dictaduras implacables la oposici\u00f3n no violenta al r\u00e9gimen es considerada un crimen. La disidencia pac\u00edfica, la resistencia, es un delito en Cuba\u00bb, apunt\u00f3 la legisladora por Florida, de origen cubano.<\/p>\n<p>\u00abPor este compromiso, concesi\u00f3n tras concesi\u00f3n a la dictadura despiadada, no se ha empujado a los Castro ni una pulgada hacia la libertad, hacia los derechos humanos, hacia el estado de derecho, ni hacia la democracia\u00bb, asever\u00f3 la republicana.<\/p>\n<p>Tras la detenci\u00f3n, las autoridades cubanas prohibieron salir del pa\u00eds a Soler y le abrieron un expediente en el que se le acusa de \u00abresistencia al arresto\u00bb, seg\u00fan medios cubanos.<\/p>\n<p>La acusaci\u00f3n se produjo este domingo cuando sali\u00f3 a las calles junto a casi una treintena de activistas para realizar la campa\u00f1a \u00abTodos Marchamos\u00bb, donde las fuerzas policiales detuvieron a todos los participantes en la convocatoria.<\/p>\n<p>Ros-Lehtinen es una de las cr\u00edticas m\u00e1s fervientes a la nueva pol\u00edtica de aperturismo del Gobierno estadounidense hacia La Habana, argumentando que la normalizaci\u00f3n de relaciones entre los dos pa\u00edses solo fortalecer\u00e1 el r\u00e9gimen castrista.<\/p>\n<\/div>\n","protected":false},"excerpt":{"rendered":"<p>EFE Washington La congresista republicana Ileana Ros-Lehtinen denunci\u00f3 ayer en el pleno de la C\u00e1mara baja de Estados Unidos la detenci\u00f3n de la l\u00edder del grupo disidente cubano de las Damas de Blanco, Berta Soler, as\u00ed como de otras 27 activistas. Ros-Lehtinen vincul\u00f3 directamente el aperturismo del Gobierno estadounidense hacia Cuba con el arresto de [&hellip;]<\/p>\n","protected":false},"author":7,"featured_media":51156,"comment_status":"open","ping_status":"open","sticky":false,"template":"","format":"standard","meta":{"footnotes":""},"categories":[40,43],"tags":[],"class_list":["post-51155","post","type-post","status-publish","format-standard","has-post-thumbnail","hentry","category-internacionales","category-politica"],"_links":{"self":[{"href":"https:\/\/2horizontes.com\/index.php?rest_route=\/wp\/v2\/posts\/51155","targetHints":{"allow":["GET"]}}],"collection":[{"href":"https:\/\/2horizontes.com\/index.php?rest_route=\/wp\/v2\/posts"}],"about":[{"href":"https:\/\/2horizontes.com\/index.php?rest_route=\/wp\/v2\/types\/post"}],"author":[{"embeddable":true,"href":"https:\/\/2horizontes.com\/index.php?rest_route=\/wp\/v2\/users\/7"}],"replies":[{"embeddable":true,"href":"https:\/\/2horizontes.com\/index.php?rest_route=%2Fwp%2Fv2%2Fcomments&post=51155"}],"version-history":[{"count":1,"href":"https:\/\/2horizontes.com\/index.php?rest_route=\/wp\/v2\/posts\/51155\/revisions"}],"predecessor-version":[{"id":51157,"href":"https:\/\/2horizontes.com\/index.php?rest_route=\/wp\/v2\/posts\/51155\/revisions\/51157"}],"wp:featuredmedia":[{"embeddable":true,"href":"https:\/\/2horizontes.com\/index.php?rest_route=\/wp\/v2\/media\/51156"}],"wp:attachment":[{"href":"https:\/\/2horizontes.com\/index.php?rest_route=%2Fwp%2Fv2%2Fmedia&parent=51155"}],"wp:term":[{"taxonomy":"category","embeddable":true,"href":"https:\/\/2horizontes.com\/index.php?rest_route=%2Fwp%2Fv2%2Fcategories&post=51155"},{"taxonomy":"post_tag","embeddable":true,"href":"https:\/\/2horizontes.com\/index.php?rest_route=%2Fwp%2Fv2%2Ftags&post=51155"}],"curies":[{"name":"wp","href":"https:\/\/api.w.org\/{rel}","templated":true}]}}