{"id":51152,"date":"2016-05-25T12:45:14","date_gmt":"2016-05-25T11:45:14","guid":{"rendered":"http:\/\/2horizontes.com\/?p=51152"},"modified":"2016-05-25T12:45:14","modified_gmt":"2016-05-25T11:45:14","slug":"gobierno-ordena-buscar-a-periodistas-desaparecidos","status":"publish","type":"post","link":"https:\/\/2horizontes.com\/?p=51152","title":{"rendered":"Gobierno ordena buscar a periodistas desaparecidos"},"content":{"rendered":"<div id=\"ArticleAuthorDiv\" class=\"article-body-author\"><b>EFE<\/b><\/div>\n<div id=\"ArticleSourceDiv\" class=\"article-body-author\"><b>Bogot\u00e1<\/b><\/div>\n<div id=\"ArticleBody\">\n<p>El presidente de Colombia, Juan Manuel Santos, dijo ayer martes que ha ordenado a los comandantes del Ej\u00e9rcito y de la Polic\u00eda que se trasladen a la regi\u00f3n del Catatumbo, donde desapareci\u00f3 el pasado s\u00e1bado la periodista espa\u00f1ola Salud Hern\u00e1ndez y adem\u00e1s se perdi\u00f3 contacto el lunes por la noche con otros cinco reporteros. Al parecer viajaron el lunes al Catatumbo para informar de la desaparici\u00f3n de Hern\u00e1ndez y, seg\u00fan versiones que circulan en la zona, fueron retenidos por hombres armados en una zona de fuerte presencia guerrillera.<\/p>\n<p>\u00b4Le he dado instrucciones al comandante del Ej\u00e9rcito (general Alberto Mej\u00eda Ferrero) y al director de la Polic\u00eda (general Jorge Nieto) de que se trasladen al sitio para reforzar los operativos para buscar a Salud Hern\u00e1ndez y a los dos reporteros (que todav\u00eda siguen desaparecidos)\u00aa, dijo Santos en declaraciones a periodistas. En este sentido, Santos se\u00f1al\u00f3 que el lunes por la noche hab\u00eda cinco reporteros m\u00e1s desaparecidos: \u00b4Dos de Caracol, uno de la Agencia Efe y dos de RCN\u00aa. El reportero al que se refiere Santos es un colaborador independiente de Procobade, empresa que presta servicios de v\u00eddeo a la Agencia Efe en Colombia. \u00b4Aparecieron los de Caracol, el de la Agencia Efe; los dos de RCN todav\u00eda no han aparecido, estamos busc\u00e1ndolos y las autoridades est\u00e1n encima de la situaci\u00f3n\u00aa, agreg\u00f3. Sin embargo Procobade, seg\u00fan explic\u00f3 a Efe, no ha conseguido establecer contacto con su colaborador.<\/p>\n<p>Hern\u00e1ndez, corresponsal en Colombia del diario espa\u00f1ol El Mundo y columnista del peri\u00f3dico bogotano El Tiempo, llevaba varias semanas en la selv\u00e1tica regi\u00f3n del Catatumbo, una convulsa zona fronteriza con Venezuela, en la realizaba reportajes. All\u00ed hab\u00eda visitado varios municipios y el s\u00e1bado se encontraba en la localidad de El Tarra, desde donde escribi\u00f3 varios tuits en los que informaba acerca de las protestas de la comunidad por la desaparici\u00f3n de dos j\u00f3venes.<\/p>\n<p><strong>ENV\u00cdAN REFUERZOS PARA LOCALIZAR A HERN\u00c1NDEZ<\/strong><br \/>\nMilitares y polic\u00edas fueron enviados como refuerzo a la zona desde entonces para intentar localizar a Salud Hern\u00e1ndez, cuyo paradero a\u00fan se desconoce, pues no se sabe si se intern\u00f3 en la selva como parte de su trabajo o si fue secuestrada, una posibilidad que las autoridades no confirman.<\/p>\n<p>En el Catatumbo tienen una fuerte presencia el Frente Libardo Mora Toro, un remanente del Ej\u00e9rcito Popular de Liberaci\u00f3n (EPL), al que el Gobierno considera una banda dedicada al narcotr\u00e1fico, y el Ej\u00e9rcito de Liberaci\u00f3n Nacional (ELN).<\/p>\n<\/div>\n","protected":false},"excerpt":{"rendered":"<p>EFE Bogot\u00e1 El presidente de Colombia, Juan Manuel Santos, dijo ayer martes que ha ordenado a los comandantes del Ej\u00e9rcito y de la Polic\u00eda que se trasladen a la regi\u00f3n del Catatumbo, donde desapareci\u00f3 el pasado s\u00e1bado la periodista espa\u00f1ola Salud Hern\u00e1ndez y adem\u00e1s se perdi\u00f3 contacto el lunes por la noche con otros cinco [&hellip;]<\/p>\n","protected":false},"author":7,"featured_media":51153,"comment_status":"open","ping_status":"open","sticky":false,"template":"","format":"standard","meta":{"footnotes":""},"categories":[50,40],"tags":[],"class_list":["post-51152","post","type-post","status-publish","format-standard","has-post-thumbnail","hentry","category-colombia","category-internacionales"],"_links":{"self":[{"href":"https:\/\/2horizontes.com\/index.php?rest_route=\/wp\/v2\/posts\/51152","targetHints":{"allow":["GET"]}}],"collection":[{"href":"https:\/\/2horizontes.com\/index.php?rest_route=\/wp\/v2\/posts"}],"about":[{"href":"https:\/\/2horizontes.com\/index.php?rest_route=\/wp\/v2\/types\/post"}],"author":[{"embeddable":true,"href":"https:\/\/2horizontes.com\/index.php?rest_route=\/wp\/v2\/users\/7"}],"replies":[{"embeddable":true,"href":"https:\/\/2horizontes.com\/index.php?rest_route=%2Fwp%2Fv2%2Fcomments&post=51152"}],"version-history":[{"count":1,"href":"https:\/\/2horizontes.com\/index.php?rest_route=\/wp\/v2\/posts\/51152\/revisions"}],"predecessor-version":[{"id":51154,"href":"https:\/\/2horizontes.com\/index.php?rest_route=\/wp\/v2\/posts\/51152\/revisions\/51154"}],"wp:featuredmedia":[{"embeddable":true,"href":"https:\/\/2horizontes.com\/index.php?rest_route=\/wp\/v2\/media\/51153"}],"wp:attachment":[{"href":"https:\/\/2horizontes.com\/index.php?rest_route=%2Fwp%2Fv2%2Fmedia&parent=51152"}],"wp:term":[{"taxonomy":"category","embeddable":true,"href":"https:\/\/2horizontes.com\/index.php?rest_route=%2Fwp%2Fv2%2Fcategories&post=51152"},{"taxonomy":"post_tag","embeddable":true,"href":"https:\/\/2horizontes.com\/index.php?rest_route=%2Fwp%2Fv2%2Ftags&post=51152"}],"curies":[{"name":"wp","href":"https:\/\/api.w.org\/{rel}","templated":true}]}}