{"id":51073,"date":"2016-05-24T20:06:45","date_gmt":"2016-05-24T19:06:45","guid":{"rendered":"http:\/\/2horizontes.com\/?p=51073"},"modified":"2016-05-24T20:06:45","modified_gmt":"2016-05-24T19:06:45","slug":"canciller-cubano-le-expresa-solidaridad-a-maduro-durante-visita-a-caracas","status":"publish","type":"post","link":"https:\/\/2horizontes.com\/?p=51073","title":{"rendered":"Canciller cubano le expresa \u201csolidaridad\u201d a Maduro durante visita a Caracas"},"content":{"rendered":"<div class=\"detalle-texto\">\n<div class=\"text\">\n<p>CARACAS. El ministro de Relaciones Exteriores de Cuba, Bruno Rodr\u00edguez, se reuni\u00f3 con el presidente de Venezuela, Nicol\u00e1s Maduro, en Caracas, a donde viaj\u00f3 para, dijo hoy, transmitir un mensaje de \u201csolidaridad\u201d del primer mandatario cubano, Ra\u00fal Castro.<\/p>\n<p>\u201cEstuvimos con el presidente Nicol\u00e1s Maduro, tuvimos una extraordinaria reuni\u00f3n\u201d, inform\u00f3 Rodr\u00edguez a trav\u00e9s del canal estatal venezolano VTV sobre el encuentro en el que, dijo, confirm\u00f3 \u201ctoda la solidaridad de Cuba, que es el mensaje de Ra\u00fal (Castro), el abrazo de Fidel (Castro) y del pueblo cubano, que es lo que me ha tra\u00eddo a Caracas\u201d, dijo.<\/p>\n<p>La cita con el jefe de Estado venezolano, de la que no se conocen m\u00e1s detalles, se celebr\u00f3 la noche del lunes en el palacio de Gobierno, Miraflores, una cita de la que se supo hoy durante una declaraci\u00f3n de Rodr\u00edguez en la sede de la Canciller\u00eda venezolana.<\/p>\n<p>El ministro de Relaciones Exteriores de Cuba dijo saber que los problemas de Venezuela \u201cson muchos\u201d, pero que \u201cla obra\u201d del Gobierno chavista \u201ces enorme\u201d.<\/p>\n<p>Rodr\u00edguez consider\u00f3 que las acciones que adelanta el Gobierno de Maduro para atender la crisis venezolana es una \u201cbatalla heroica\u201d que ser\u00e1 \u201cseguramente victoriosa\u201d.<\/p>\n<p>La canciller venezolana, Delcy Rodr\u00edguez, que acompa\u00f1\u00f3 a Rodr\u00edguez en su declaraci\u00f3n, agradeci\u00f3 la solidaridad del pueblo cubano frente a las \u201cagresiones imperiales\u201d, que, sostiene, vive el pa\u00eds petrolero.<\/p>\n<p>La ministra de Exteriores venezolana reiter\u00f3 que su pa\u00eds es v\u00edctima de una \u201carremetida imperial\u201d que se traduce en lo que el Gobierno chavista llama \u201cguerra econ\u00f3mica\u201d y que persigue desestabilizar la Administraci\u00f3n del l\u00edder chavista.<\/p>\n<p>Cuba, que asegur\u00f3 \u201ctodav\u00eda sufre el bloqueo criminal imperial\u201d, y Venezuela \u201cson una sola Bandera, que no se equivoque el enemigo, all\u00ed estamos recibiendo la fuerza de su solidaridad\u201d, agreg\u00f3 la funcionaria venezolana.<\/p>\n<\/div>\n<\/div>\n","protected":false},"excerpt":{"rendered":"<p>CARACAS. El ministro de Relaciones Exteriores de Cuba, Bruno Rodr\u00edguez, se reuni\u00f3 con el presidente de Venezuela, Nicol\u00e1s Maduro, en Caracas, a donde viaj\u00f3 para, dijo hoy, transmitir un mensaje de \u201csolidaridad\u201d del primer mandatario cubano, Ra\u00fal Castro. \u201cEstuvimos con el presidente Nicol\u00e1s Maduro, tuvimos una extraordinaria reuni\u00f3n\u201d, inform\u00f3 Rodr\u00edguez a trav\u00e9s del canal estatal [&hellip;]<\/p>\n","protected":false},"author":13240,"featured_media":51076,"comment_status":"open","ping_status":"open","sticky":false,"template":"","format":"standard","meta":{"footnotes":""},"categories":[40,43,48],"tags":[],"class_list":["post-51073","post","type-post","status-publish","format-standard","has-post-thumbnail","hentry","category-internacionales","category-politica","category-venezuela"],"_links":{"self":[{"href":"https:\/\/2horizontes.com\/index.php?rest_route=\/wp\/v2\/posts\/51073","targetHints":{"allow":["GET"]}}],"collection":[{"href":"https:\/\/2horizontes.com\/index.php?rest_route=\/wp\/v2\/posts"}],"about":[{"href":"https:\/\/2horizontes.com\/index.php?rest_route=\/wp\/v2\/types\/post"}],"author":[{"embeddable":true,"href":"https:\/\/2horizontes.com\/index.php?rest_route=\/wp\/v2\/users\/13240"}],"replies":[{"embeddable":true,"href":"https:\/\/2horizontes.com\/index.php?rest_route=%2Fwp%2Fv2%2Fcomments&post=51073"}],"version-history":[{"count":1,"href":"https:\/\/2horizontes.com\/index.php?rest_route=\/wp\/v2\/posts\/51073\/revisions"}],"predecessor-version":[{"id":51078,"href":"https:\/\/2horizontes.com\/index.php?rest_route=\/wp\/v2\/posts\/51073\/revisions\/51078"}],"wp:featuredmedia":[{"embeddable":true,"href":"https:\/\/2horizontes.com\/index.php?rest_route=\/wp\/v2\/media\/51076"}],"wp:attachment":[{"href":"https:\/\/2horizontes.com\/index.php?rest_route=%2Fwp%2Fv2%2Fmedia&parent=51073"}],"wp:term":[{"taxonomy":"category","embeddable":true,"href":"https:\/\/2horizontes.com\/index.php?rest_route=%2Fwp%2Fv2%2Fcategories&post=51073"},{"taxonomy":"post_tag","embeddable":true,"href":"https:\/\/2horizontes.com\/index.php?rest_route=%2Fwp%2Fv2%2Ftags&post=51073"}],"curies":[{"name":"wp","href":"https:\/\/api.w.org\/{rel}","templated":true}]}}