{"id":51061,"date":"2016-05-24T16:12:13","date_gmt":"2016-05-24T15:12:13","guid":{"rendered":"http:\/\/2horizontes.com\/?p=51061"},"modified":"2016-05-24T16:12:13","modified_gmt":"2016-05-24T15:12:13","slug":"mexico-inician-exhumacion-de-116-cuerpos-en-una-fosa-en-morelos","status":"publish","type":"post","link":"https:\/\/2horizontes.com\/?p=51061","title":{"rendered":"M\u00e9xico: Inician exhumaci\u00f3n de 116 cuerpos en una fosa en Morelos"},"content":{"rendered":"<p><strong>(CNN Espa\u00f1ol) &#8211;<\/strong> Las autoridades del estado de Morelos, en el centro de M\u00e9xico, iniciaron el lunes los trabajos de exhumaci\u00f3n de los 116 cad\u00e1veres hallados en una fosa en el pante\u00f3n de Las Cruces, en\u00a0Tetelcingo.<span id=\"more-287946\"><\/span><\/p>\n<p>En los trabajos de exhumaci\u00f3n participan peritos de la Comisi\u00f3n Nacional de Derechos humanos, la Procuradur\u00eda General de la Rep\u00fablica y la Polic\u00eda Federal Cient\u00edfica.<\/p>\n<div class=\"ym-wrapper\"><\/div>\n<p>El hallazgo de la fosa en Tetelcingo ocurri\u00f3 en noviembre de 2015 a partir de la b\u00fasqueda que hizo la familia de Oliver Navarrete, un hombre secuestrado y asesinado en 2013 y cuyo cad\u00e1ver, a pesar de haber sido identificado con pruebas de ADN, fue enviado a la fosa, como suelen hacer las autoridades cuando los cuerpos no son reclamados.<\/p>\n<p>Los cuerpos fueron enterrados sin seguir los protocolos legales y\u00a0la Fiscal\u00eda del Estado dijo que se aplicar\u00e1 la ley contra los funcionarios que no cumplieron con su deber.<\/p>\n<p>\u201cCuando llegu\u00e9 a este encargo coment\u00e9 que est\u00e1bamos dispuestos a abrir esta fosa para transparentar el proceso; es de suma importancia y de suma responsabilidad contar los cuerpos, darles una dignificaci\u00f3n en la sepultura, hacer la toma de muestras, que es lo m\u00e1s importante, para ver si un familiar aqu\u00ed presente o en otro estado o m\u00e1s all\u00e1 de estas fronteras est\u00e9 buscando a un familiar y que pueda estar aqu\u00ed\u201d, dijo el lunes el fiscal general del estado, Javier P\u00e9rez Dur\u00f3n.<\/p>\n","protected":false},"excerpt":{"rendered":"<p>(CNN Espa\u00f1ol) &#8211; Las autoridades del estado de Morelos, en el centro de M\u00e9xico, iniciaron el lunes los trabajos de exhumaci\u00f3n de los 116 cad\u00e1veres hallados en una fosa en el pante\u00f3n de Las Cruces, en\u00a0Tetelcingo. En los trabajos de exhumaci\u00f3n participan peritos de la Comisi\u00f3n Nacional de Derechos humanos, la Procuradur\u00eda General de la [&hellip;]<\/p>\n","protected":false},"author":7,"featured_media":51062,"comment_status":"open","ping_status":"open","sticky":false,"template":"","format":"standard","meta":{"footnotes":""},"categories":[40],"tags":[],"class_list":["post-51061","post","type-post","status-publish","format-standard","has-post-thumbnail","hentry","category-internacionales"],"_links":{"self":[{"href":"https:\/\/2horizontes.com\/index.php?rest_route=\/wp\/v2\/posts\/51061","targetHints":{"allow":["GET"]}}],"collection":[{"href":"https:\/\/2horizontes.com\/index.php?rest_route=\/wp\/v2\/posts"}],"about":[{"href":"https:\/\/2horizontes.com\/index.php?rest_route=\/wp\/v2\/types\/post"}],"author":[{"embeddable":true,"href":"https:\/\/2horizontes.com\/index.php?rest_route=\/wp\/v2\/users\/7"}],"replies":[{"embeddable":true,"href":"https:\/\/2horizontes.com\/index.php?rest_route=%2Fwp%2Fv2%2Fcomments&post=51061"}],"version-history":[{"count":1,"href":"https:\/\/2horizontes.com\/index.php?rest_route=\/wp\/v2\/posts\/51061\/revisions"}],"predecessor-version":[{"id":51063,"href":"https:\/\/2horizontes.com\/index.php?rest_route=\/wp\/v2\/posts\/51061\/revisions\/51063"}],"wp:featuredmedia":[{"embeddable":true,"href":"https:\/\/2horizontes.com\/index.php?rest_route=\/wp\/v2\/media\/51062"}],"wp:attachment":[{"href":"https:\/\/2horizontes.com\/index.php?rest_route=%2Fwp%2Fv2%2Fmedia&parent=51061"}],"wp:term":[{"taxonomy":"category","embeddable":true,"href":"https:\/\/2horizontes.com\/index.php?rest_route=%2Fwp%2Fv2%2Fcategories&post=51061"},{"taxonomy":"post_tag","embeddable":true,"href":"https:\/\/2horizontes.com\/index.php?rest_route=%2Fwp%2Fv2%2Ftags&post=51061"}],"curies":[{"name":"wp","href":"https:\/\/api.w.org\/{rel}","templated":true}]}}