{"id":51007,"date":"2016-05-24T00:38:57","date_gmt":"2016-05-23T23:38:57","guid":{"rendered":"http:\/\/2horizontes.com\/?p=51007"},"modified":"2016-05-24T00:38:57","modified_gmt":"2016-05-23T23:38:57","slug":"alemania-confia-en-acuerdo-del-eurogrupo-para-desbloquear-la-ayuda-a-grecia","status":"publish","type":"post","link":"https:\/\/2horizontes.com\/?p=51007","title":{"rendered":"Alemania conf\u00eda en acuerdo del Eurogrupo para desbloquear la ayuda a Grecia"},"content":{"rendered":"<div class=\"detalle-texto\">\n<div class=\"text\">\n<p>BERL\u00cdN. El Gobierno alem\u00e1n se mostr\u00f3 hoy optimista ante la reuni\u00f3n que mantendr\u00e1 ma\u00f1ana el Eurogrupo para cerrar la primera revisi\u00f3n del tercer rescate a Grecia y poder abonar el primer tramo de las ayudas.<\/p>\n<p>En una rueda de prensa rutinaria, la portavoz adjunta del Ministerio alem\u00e1n de Finanzas Friederike von Tiesenhausen afirm\u00f3 que el responsable de esa cartera, Wolfgang Sch\u00e4uble, \u201cest\u00e1 confiado en que se han hecho progresos\u201d, en referencia a las reformas aprobadas por Atenas.<\/p>\n<p>Se remiti\u00f3 as\u00ed a las declaraciones realizadas este fin de semana por Sch\u00e4uble tras un encuentro de los titulares de Finanzas y de los jefes de los bancos centrales del G7 en Jap\u00f3n, donde dijo: \u201cLo lograremos, vamos por buen camino\u201d.<\/p>\n<p>\u201cNos dirigimos hacia un encuentro muy importante ma\u00f1ana\u201d, admiti\u00f3 la portavoz, quien indic\u00f3 que no quer\u00eda anticiparse al mismo y llam\u00f3 sencillamente a \u201cesperar a ver qu\u00e9 sale\u201d de la reuni\u00f3n, tras recordar que el Gobierno alem\u00e1n no es el encargado de evaluar el estado de las reformas en Grecia, sino las instituciones.<\/p>\n<p>Von Tiesenhausen subray\u00f3 tambi\u00e9n de nuevo que para Alemania la participaci\u00f3n del Fondo Monetario Internacional (FMI) es \u201cimprescindible\u201d.<\/p>\n<\/div>\n<\/div>\n","protected":false},"excerpt":{"rendered":"<p>BERL\u00cdN. El Gobierno alem\u00e1n se mostr\u00f3 hoy optimista ante la reuni\u00f3n que mantendr\u00e1 ma\u00f1ana el Eurogrupo para cerrar la primera revisi\u00f3n del tercer rescate a Grecia y poder abonar el primer tramo de las ayudas. En una rueda de prensa rutinaria, la portavoz adjunta del Ministerio alem\u00e1n de Finanzas Friederike von Tiesenhausen afirm\u00f3 que el [&hellip;]<\/p>\n","protected":false},"author":13240,"featured_media":51011,"comment_status":"open","ping_status":"open","sticky":false,"template":"","format":"standard","meta":{"footnotes":""},"categories":[86,40,43],"tags":[],"class_list":["post-51007","post","type-post","status-publish","format-standard","has-post-thumbnail","hentry","category-europa","category-internacionales","category-politica"],"_links":{"self":[{"href":"https:\/\/2horizontes.com\/index.php?rest_route=\/wp\/v2\/posts\/51007","targetHints":{"allow":["GET"]}}],"collection":[{"href":"https:\/\/2horizontes.com\/index.php?rest_route=\/wp\/v2\/posts"}],"about":[{"href":"https:\/\/2horizontes.com\/index.php?rest_route=\/wp\/v2\/types\/post"}],"author":[{"embeddable":true,"href":"https:\/\/2horizontes.com\/index.php?rest_route=\/wp\/v2\/users\/13240"}],"replies":[{"embeddable":true,"href":"https:\/\/2horizontes.com\/index.php?rest_route=%2Fwp%2Fv2%2Fcomments&post=51007"}],"version-history":[{"count":1,"href":"https:\/\/2horizontes.com\/index.php?rest_route=\/wp\/v2\/posts\/51007\/revisions"}],"predecessor-version":[{"id":51013,"href":"https:\/\/2horizontes.com\/index.php?rest_route=\/wp\/v2\/posts\/51007\/revisions\/51013"}],"wp:featuredmedia":[{"embeddable":true,"href":"https:\/\/2horizontes.com\/index.php?rest_route=\/wp\/v2\/media\/51011"}],"wp:attachment":[{"href":"https:\/\/2horizontes.com\/index.php?rest_route=%2Fwp%2Fv2%2Fmedia&parent=51007"}],"wp:term":[{"taxonomy":"category","embeddable":true,"href":"https:\/\/2horizontes.com\/index.php?rest_route=%2Fwp%2Fv2%2Fcategories&post=51007"},{"taxonomy":"post_tag","embeddable":true,"href":"https:\/\/2horizontes.com\/index.php?rest_route=%2Fwp%2Fv2%2Ftags&post=51007"}],"curies":[{"name":"wp","href":"https:\/\/api.w.org\/{rel}","templated":true}]}}