{"id":50974,"date":"2016-05-24T00:08:59","date_gmt":"2016-05-23T23:08:59","guid":{"rendered":"http:\/\/2horizontes.com\/?p=50974"},"modified":"2016-05-24T00:08:59","modified_gmt":"2016-05-23T23:08:59","slug":"metro-de-santiago-de-chile-funcionara-con-energia-eolica-y-solar","status":"publish","type":"post","link":"https:\/\/2horizontes.com\/?p=50974","title":{"rendered":"Metro de Santiago de Chile funcionar\u00e1 con energ\u00eda e\u00f3lica y solar"},"content":{"rendered":"<div class=\"mce-body mce\">\n<p>60% de la energ\u00eda que consumir\u00e1 el Metro de Santiago a partir de 2018 ser\u00e1 de origen solar y e\u00f3lico y se convertir\u00e1 en el primer metro del mundo que se alimente mayoritariamente con sol y viento, anunci\u00f3 este lunes la presidenta de Chile, Michelle Bachelet.<\/p>\n<p>\u00abLos m\u00e1s de dos millones y medio de pasajeros que utilizan diariamente el Metro (&#8230;) van a poder viajar en un medio de transporte que cuida el planeta, que disminuye nuestra huella de carbono y que hace posible un futuro sustentable para todos\u00bb, dijo la mandataria al anunciar estos nuevos contratos.\u00a0Dos plantas situadas en el desierto de Atacama, el m\u00e1s \u00e1rido del mundo, en el norte de Chile, suministrar\u00e1n a partir de 2018 la nueva energ\u00eda al Metro de Santiago, que se encuentra en plena expansi\u00f3n.<\/p>\n<p>La empresa francesa Total Sun Power empezar\u00e1 a construir a mediados de este a\u00f1o una planta fotovoltaica, El Pel\u00edcano, en los municipios de La Higuera, en la regi\u00f3n de Coquimbo, y Vallenar, en la regi\u00f3n de Atacama, con una capacidad de generar 111 megavatios de potencia.\u00a0En total, contar\u00e1 con 255.000 paneles solares y producir\u00e1 el equivalente de energ\u00eda del consumo de 100.000 hogares.<\/p>\n<p>Por su parte, el consorcio brasile\u00f1o Latin American Power (LAP) construye el parque e\u00f3lico San Juan de Aceituno, con capacidad para producir 185 megavatios, la mayor de Chile, de este tipo.\u00a0Situada en el municipio Freirina, la planta e\u00f3lica contar\u00e1 con 56 turbinas, una subestaci\u00f3n y una l\u00ednea de transmisi\u00f3n de doble circuito de 220 kV que se extender\u00e1 por 84 km hasta la subestaci\u00f3n Punta Colorada para incorporar la energ\u00eda al Sistema Interconectado Central, que alimenta gran parte del pa\u00eds. Inyectar\u00e1 un 18% de energ\u00eda al metro de Santiago.<\/p>\n<p>40% de la energ\u00eda restante que necesita el metro estar\u00e1 a cargo de Chilectra, la compa\u00f1\u00eda nacional de electricidad.\u00a0La inversi\u00f3n de ambos proyectos se eleva a 500 millones de d\u00f3lares, seg\u00fan las autoridades chilenas.<\/p>\n<\/div>\n","protected":false},"excerpt":{"rendered":"<p>60% de la energ\u00eda que consumir\u00e1 el Metro de Santiago a partir de 2018 ser\u00e1 de origen solar y e\u00f3lico y se convertir\u00e1 en el primer metro del mundo que se alimente mayoritariamente con sol y viento, anunci\u00f3 este lunes la presidenta de Chile, Michelle Bachelet. \u00abLos m\u00e1s de dos millones y medio de pasajeros [&hellip;]<\/p>\n","protected":false},"author":13240,"featured_media":50980,"comment_status":"open","ping_status":"open","sticky":false,"template":"","format":"standard","meta":{"footnotes":""},"categories":[40,88],"tags":[],"class_list":["post-50974","post","type-post","status-publish","format-standard","has-post-thumbnail","hentry","category-internacionales","category-tecnologia"],"_links":{"self":[{"href":"https:\/\/2horizontes.com\/index.php?rest_route=\/wp\/v2\/posts\/50974","targetHints":{"allow":["GET"]}}],"collection":[{"href":"https:\/\/2horizontes.com\/index.php?rest_route=\/wp\/v2\/posts"}],"about":[{"href":"https:\/\/2horizontes.com\/index.php?rest_route=\/wp\/v2\/types\/post"}],"author":[{"embeddable":true,"href":"https:\/\/2horizontes.com\/index.php?rest_route=\/wp\/v2\/users\/13240"}],"replies":[{"embeddable":true,"href":"https:\/\/2horizontes.com\/index.php?rest_route=%2Fwp%2Fv2%2Fcomments&post=50974"}],"version-history":[{"count":1,"href":"https:\/\/2horizontes.com\/index.php?rest_route=\/wp\/v2\/posts\/50974\/revisions"}],"predecessor-version":[{"id":50982,"href":"https:\/\/2horizontes.com\/index.php?rest_route=\/wp\/v2\/posts\/50974\/revisions\/50982"}],"wp:featuredmedia":[{"embeddable":true,"href":"https:\/\/2horizontes.com\/index.php?rest_route=\/wp\/v2\/media\/50980"}],"wp:attachment":[{"href":"https:\/\/2horizontes.com\/index.php?rest_route=%2Fwp%2Fv2%2Fmedia&parent=50974"}],"wp:term":[{"taxonomy":"category","embeddable":true,"href":"https:\/\/2horizontes.com\/index.php?rest_route=%2Fwp%2Fv2%2Fcategories&post=50974"},{"taxonomy":"post_tag","embeddable":true,"href":"https:\/\/2horizontes.com\/index.php?rest_route=%2Fwp%2Fv2%2Ftags&post=50974"}],"curies":[{"name":"wp","href":"https:\/\/api.w.org\/{rel}","templated":true}]}}