{"id":50950,"date":"2016-05-23T10:13:43","date_gmt":"2016-05-23T09:13:43","guid":{"rendered":"http:\/\/2horizontes.com\/?p=50950"},"modified":"2016-05-23T10:13:43","modified_gmt":"2016-05-23T09:13:43","slug":"desaparecida-en-colombia-la-periodista-espanola-salud-hernandez","status":"publish","type":"post","link":"https:\/\/2horizontes.com\/?p=50950","title":{"rendered":"Desaparecida en Colombia la periodista espa\u00f1ola Salud Hern\u00e1ndez"},"content":{"rendered":"<p>La periodista espa\u00f1ola Salud Hern\u00e1ndez ha sido dada por desaparecida mientras realizaba una investigaci\u00f3n sobre la erradicaci\u00f3n de los cultivos de coca en la regi\u00f3n colombiana de Catatumbo, en el departamento de Norte de Santander.<\/p>\n<p>Seg\u00fan publica el peri\u00f3dico El Mundo, medio con el que colaboraba la reportera, Salud Hern\u00e1ndez se encuentra en manos de la guerrilla colombiana, algo que tambi\u00e9n ha apuntado varios medios locales, si bien el Ej\u00e9rcito de Liberaci\u00f3n Nacional (ELN) no se ha pronunciado sobre el suceso. Las autoridades tampoco han achacado el secuestro a ning\u00fan grupo por el momento.<\/p>\n<p>Seg\u00fan las informaciones facilitadas por el diario colombiano El Tiempo, para el que trabajaba, Hern\u00e1ndez lleg\u00f3 el mi\u00e9rcoles al municipio de El Tarra para realizar su investigaci\u00f3n, y habr\u00eda desaparecido durante la jornada del s\u00e1bado. El presidente de Colombia, Juan Manuel Santos, ha anunciado a trav\u00e9s de Twitter que ha ordenado a la Fuerza P\u00fablica \u00abprioridad y dedicaci\u00f3n para establecer el paradero de la periodista\u00bb.<\/p>\n","protected":false},"excerpt":{"rendered":"<p>La periodista espa\u00f1ola Salud Hern\u00e1ndez ha sido dada por desaparecida mientras realizaba una investigaci\u00f3n sobre la erradicaci\u00f3n de los cultivos de coca en la regi\u00f3n colombiana de Catatumbo, en el departamento de Norte de Santander. Seg\u00fan publica el peri\u00f3dico El Mundo, medio con el que colaboraba la reportera, Salud Hern\u00e1ndez se encuentra en manos de [&hellip;]<\/p>\n","protected":false},"author":3,"featured_media":50951,"comment_status":"open","ping_status":"open","sticky":false,"template":"","format":"standard","meta":{"footnotes":""},"categories":[50,40],"tags":[],"class_list":["post-50950","post","type-post","status-publish","format-standard","has-post-thumbnail","hentry","category-colombia","category-internacionales"],"_links":{"self":[{"href":"https:\/\/2horizontes.com\/index.php?rest_route=\/wp\/v2\/posts\/50950","targetHints":{"allow":["GET"]}}],"collection":[{"href":"https:\/\/2horizontes.com\/index.php?rest_route=\/wp\/v2\/posts"}],"about":[{"href":"https:\/\/2horizontes.com\/index.php?rest_route=\/wp\/v2\/types\/post"}],"author":[{"embeddable":true,"href":"https:\/\/2horizontes.com\/index.php?rest_route=\/wp\/v2\/users\/3"}],"replies":[{"embeddable":true,"href":"https:\/\/2horizontes.com\/index.php?rest_route=%2Fwp%2Fv2%2Fcomments&post=50950"}],"version-history":[{"count":1,"href":"https:\/\/2horizontes.com\/index.php?rest_route=\/wp\/v2\/posts\/50950\/revisions"}],"predecessor-version":[{"id":50952,"href":"https:\/\/2horizontes.com\/index.php?rest_route=\/wp\/v2\/posts\/50950\/revisions\/50952"}],"wp:featuredmedia":[{"embeddable":true,"href":"https:\/\/2horizontes.com\/index.php?rest_route=\/wp\/v2\/media\/50951"}],"wp:attachment":[{"href":"https:\/\/2horizontes.com\/index.php?rest_route=%2Fwp%2Fv2%2Fmedia&parent=50950"}],"wp:term":[{"taxonomy":"category","embeddable":true,"href":"https:\/\/2horizontes.com\/index.php?rest_route=%2Fwp%2Fv2%2Fcategories&post=50950"},{"taxonomy":"post_tag","embeddable":true,"href":"https:\/\/2horizontes.com\/index.php?rest_route=%2Fwp%2Fv2%2Ftags&post=50950"}],"curies":[{"name":"wp","href":"https:\/\/api.w.org\/{rel}","templated":true}]}}