{"id":50911,"date":"2016-05-23T08:33:12","date_gmt":"2016-05-23T07:33:12","guid":{"rendered":"http:\/\/2horizontes.com\/?p=50911"},"modified":"2016-05-23T08:33:12","modified_gmt":"2016-05-23T07:33:12","slug":"un-dron-acaba-con-el-lider-del-taliban","status":"publish","type":"post","link":"https:\/\/2horizontes.com\/?p=50911","title":{"rendered":"Un dron acaba con el l\u00edder del Talib\u00e1n"},"content":{"rendered":"<div id=\"ArticleAuthorDiv\" class=\"article-body-author\"><b>AFP<\/b><\/div>\n<div id=\"ArticleSourceDiv\" class=\"article-body-author\"><b>Kabul<\/b><\/div>\n<div id=\"ArticleBody\">\n<p>El l\u00edder de los talibanes afganos, el mul\u00e1 Akhtar Mansur, falleci\u00f3 en un ataque a\u00e9reo estadounidense en Pakist\u00e1n, anunciaron este domingo los servicios afganos de inteligencia, mientras que los insurgentes manten\u00edan un silencio total.<\/p>\n<p>La muerte del mul\u00e1 Mansur asesta un fuerte golpe al movimiento islamista, enfrentado a una dispersi\u00f3n de sus tropas, de las que algunos han desertado para unirse a las filas del grupo yihadista Estado Isl\u00e1mico (EI).<\/p>\n<p>El mol\u00e1 Mansur, a la cabeza de los talibanes desde el verano pasado, tras la muerte del fundador del grupo el mul\u00e1 Omar, \u201cmuri\u00f3 ayer en un ataque de drones (&#8230;) en Baluchist\u00e1n\u201d, una provincia al suroeste de Pakist\u00e1n, indicaron los servicios de inteligencia afganos. \u201cSe le vigilaba desde hac\u00eda tiempo\u201d.<\/p>\n<p>Un miembro de la \u201cShura de Quetta\u201d, el Consejo de Direcci\u00f3n de los talibanes afganos, cont\u00f3 a la AFP que no consegu\u00eda contactar al mul\u00e1 Mansur desde el s\u00e1bado por la noche. \u201cNo sabemos si le ha pasado algo grave o si apag\u00f3 su tel\u00e9fono m\u00f3vil por miedo a un ataque\u201d.<\/p>\n<p>El bombardeo se llev\u00f3 a cabo con varios drones de las fuerzas especiales estadounidenses en Pakist\u00e1n, en una zona apartada \u201cen el suroeste de la ciudad de Ahmad Wal\u201d, seg\u00fan un responsable norteamericano. Seg\u00fan esta misma fuente, el jefe talib\u00e1n muri\u00f3 \u201cprobablemente\u201d en el ataque, autorizado por el presidente Barack Obama. Washington inform\u00f3 del ataque a Islamabad y Kabul una vez terminado, seg\u00fan un alto responsable de la Casa Blanca.<\/p>\n<p>El ataque a\u00e9reo \u201cdestruy\u00f3 totalmente\u201d el coche en el que circulaban dos individuos, cuyos restos son \u201cirreconocibles\u201d, indic\u00f3 un responsable de los servicios de seguridad pakistan\u00edes. Los dos cad\u00e1veres fueron trasladados a un hospital de Quetta, la capital de la provincia de Baluchist\u00e1n.<\/p>\n<p>El secretario de Estado John Kerry, de viaje Birmania, dijo que Mansur era un objetivo porque representaba \u201cuna amenaza inminente para el personal norteamericano, los civiles afganos y las fuerzas de seguridad afganas\u201d.<\/p>\n<p>La designaci\u00f3n de Mansur caus\u00f3 desacuerdos internos en el movimiento. Algunos jefes, armas en mano, se separaron y se opusieron a su facci\u00f3n.\u00a0 Otros se unieron a las filas del grupo EI.<\/p>\n<p><strong>(+)<br \/>\nGUERRA ABIERTA POR LA SUCESI\u00d3N<\/strong><br \/>\nLa posible sucesi\u00f3n del mul\u00e1 Mansur dar\u00e1 lugar a una \u201clucha de poder y varios candidatos estar\u00e1n en la disputa\u201d, aleg\u00f3 el analista y periodista pakistan\u00ed Ahmed Rashid. Entre los candidatos figuran sus dos adjuntos, Sirajuddin Haqqani y Haibatullah Akhundzada, ex jefe de los tribunales de los talibanes, e incluso el mul\u00e1 Yacub, hijo del difunto mul\u00e1 Omar.<\/p>\n<p>Este ataque se sucede cuando los talibanes tienen sometido al gobierno afgano a una dura prueba, con m\u00faltiples atentados en los \u00faltimos meses.<\/p>\n<p>Durante el \u00faltimo gran ataque, en abril, 64 personas murieron en un atentado suicida perpetrado contra un edificio de los servicios de inteligencia en Kabul. En el \u00e1mbito militar, en oto\u00f1o, consiguieron tomar la gran ciudad de Kunduz, en el norte de Afganist\u00e1n. Bajo la direcci\u00f3n del mul\u00e1 Mansur, los talibanes afganos se mostraron reacios a la reanudaci\u00f3n de las conversaciones de paz con Kabul iniciadas el verano.<\/p>\n<\/div>\n<div><\/div>\n","protected":false},"excerpt":{"rendered":"<p>AFP Kabul El l\u00edder de los talibanes afganos, el mul\u00e1 Akhtar Mansur, falleci\u00f3 en un ataque a\u00e9reo estadounidense en Pakist\u00e1n, anunciaron este domingo los servicios afganos de inteligencia, mientras que los insurgentes manten\u00edan un silencio total. La muerte del mul\u00e1 Mansur asesta un fuerte golpe al movimiento islamista, enfrentado a una dispersi\u00f3n de sus tropas, [&hellip;]<\/p>\n","protected":false},"author":7,"featured_media":50912,"comment_status":"open","ping_status":"open","sticky":false,"template":"","format":"standard","meta":{"footnotes":""},"categories":[40],"tags":[],"class_list":["post-50911","post","type-post","status-publish","format-standard","has-post-thumbnail","hentry","category-internacionales"],"_links":{"self":[{"href":"https:\/\/2horizontes.com\/index.php?rest_route=\/wp\/v2\/posts\/50911","targetHints":{"allow":["GET"]}}],"collection":[{"href":"https:\/\/2horizontes.com\/index.php?rest_route=\/wp\/v2\/posts"}],"about":[{"href":"https:\/\/2horizontes.com\/index.php?rest_route=\/wp\/v2\/types\/post"}],"author":[{"embeddable":true,"href":"https:\/\/2horizontes.com\/index.php?rest_route=\/wp\/v2\/users\/7"}],"replies":[{"embeddable":true,"href":"https:\/\/2horizontes.com\/index.php?rest_route=%2Fwp%2Fv2%2Fcomments&post=50911"}],"version-history":[{"count":1,"href":"https:\/\/2horizontes.com\/index.php?rest_route=\/wp\/v2\/posts\/50911\/revisions"}],"predecessor-version":[{"id":50913,"href":"https:\/\/2horizontes.com\/index.php?rest_route=\/wp\/v2\/posts\/50911\/revisions\/50913"}],"wp:featuredmedia":[{"embeddable":true,"href":"https:\/\/2horizontes.com\/index.php?rest_route=\/wp\/v2\/media\/50912"}],"wp:attachment":[{"href":"https:\/\/2horizontes.com\/index.php?rest_route=%2Fwp%2Fv2%2Fmedia&parent=50911"}],"wp:term":[{"taxonomy":"category","embeddable":true,"href":"https:\/\/2horizontes.com\/index.php?rest_route=%2Fwp%2Fv2%2Fcategories&post=50911"},{"taxonomy":"post_tag","embeddable":true,"href":"https:\/\/2horizontes.com\/index.php?rest_route=%2Fwp%2Fv2%2Ftags&post=50911"}],"curies":[{"name":"wp","href":"https:\/\/api.w.org\/{rel}","templated":true}]}}