{"id":50897,"date":"2016-05-22T23:00:12","date_gmt":"2016-05-22T22:00:12","guid":{"rendered":"http:\/\/2horizontes.com\/?p=50897"},"modified":"2016-05-22T23:00:12","modified_gmt":"2016-05-22T22:00:12","slug":"la-aficion-del-barca-pita-el-himno-en-la-final-de-la-copa-del-rey","status":"publish","type":"post","link":"https:\/\/2horizontes.com\/?p=50897","title":{"rendered":"La afici\u00f3n del Bar\u00e7a pita el himno en la final de la Copa del Rey"},"content":{"rendered":"<p>Barcelona, (Redacci\u00f3n).- Uno de los momentos m\u00e1s esperados de la final de la <b>Copa del Rey<\/b> entre <b>FC Barcelona y Sevilla <\/b>era saber c\u00f3mo iban a actuar los cerca de 55.000 aficionados durante la ceremonia de himnos. Y como ya sucedi\u00f3 en 2009 (Mestalla), en 2012 (Calder\u00f3n) y en 2015 (Camp Nou), la afici\u00f3n azulgrana dedic\u00f3 una <b>sonora pitada al himno espa\u00f1ol <\/b>en el <b>Vicente Calder\u00f3n<\/b> instantes antes de que diese comienzo la final. Por su parte los seguidores del Sevilla aplaudieron para intentar acallar los silbidos de la afici\u00f3n de su contrincante mientras el himno sonaba a un volumen mucho m\u00e1s alto de lo habitual.<\/p>\n<div class=\"container-center\">\n<div class=\"SandboxRoot env-bp-350\">\n<div id=\"twitter-widget-0\" class=\"EmbeddedTweet EmbeddedTweet--mediaForward media-forward js-clickToOpenTarget js-tweetIdInfo\" lang=\"es\">\n<article class=\"MediaCard\n           MediaCard--mediaForward\n\n           cards-multimedia\n           customisable-border\" dir=\"ltr\"><\/p>\n<div class=\"MediaCard-media\">\n<div class=\"MediaCard-widthConstraint js-cspForcedStyle\">\n<div class=\"MediaCard-mediaContainer js-cspForcedStyle\">\n<div class=\"NaturalImage-ctaOverlay PlayButton PlayButton--centered\"><\/div>\n<p><a class=\"MediaCard-mediaAsset MediaCard-mediaPlaceholder\n                    NaturalImage NaturalImage--fill\n\n                    js-playableMediaInterstitial\" href=\"https:\/\/twitter.com\/marcosperiodico\/status\/734469928397463552\"><img decoding=\"async\" class=\"NaturalImage-image\" src=\"https:\/\/pbs.twimg.com\/ext_tw_video_thumb\/734469833945927684\/pu\/img\/dSoLvfcuB1GdL0yA.jpg\" alt=\"\" \/><\/a><\/div>\n<\/div>\n<\/div>\n<\/article>\n<div class=\"EmbeddedTweet-tweet\"><\/div>\n<\/div>\n<\/div>\n<\/div>\n<p>La fuerza de los pitidos fue menos intensa que en la pasada final de Copa, cuando las aficiones de Bar\u00e7a y Athletic se pusieron de acuerdo para silbar al un\u00edsono. De nuevo los compases del himno nacional se mezclaron con los aplausos de los seguidores sevillistas y los pitidos de los azulgranas.<\/p>\n<p>En esta ocasi\u00f3n no parece que la pitada pueda acarrear denuncias contra las entidades organizadoras del evento, despu\u00e9s de que el pasado 9 de mayo, el juez de la Audiencia Nacional Fernando Andreu archivara por segunda vez la causa contra el Bar\u00e7a por la pitada al himno nacional que se produjo en el Camp Nou el 30 de mayo durante la final de la Copa del Rey entre el Bar\u00e7a y el Athletic de Bilbao. El juez Andreu entendi\u00f3 que los posibles delitos solo se podr\u00edan imputar a personas f\u00edsicas.<\/p>\n<p>Andreu ya archiv\u00f3 esta causa, pero la Sala de lo Penal de la Audiencia Nacional le oblig\u00f3 a reabrirla porque consideraba que los hechos pueden ser delictivos atendiendo al \u201cambiente institucional\u201d derivado de las aspiraciones independentistas del Gobierno catal\u00e1n.<\/p>\n<p>El magistrado, en el nuevo auto de archivo, no entraba a analizar esos argumentos y se quedaba en un aspecto m\u00e1s formal, ya que entend\u00eda que los delitos de injurias al Rey -el rey Felipe VI presidi\u00f3 el encuentro- o de ultrajes a la Naci\u00f3n no los pueden cometer personas jur\u00eddicas, y la querella de Manos Limpias que dio lugar a esta investigaci\u00f3n se dirig\u00eda solo contra este tipo de personas.<\/p>\n<p>En concreto, iba tanto contra el FC Barcelona y el Athletic Club, como contra varias asociaciones independentistas como Catalunya Acci\u00f3, Plataforma pel Dret a Decidir o Units per Declarar la Independencia de Catalunya.<\/p>\n<p>F. La Vanguardia.<\/p>\n","protected":false},"excerpt":{"rendered":"<p>Barcelona, (Redacci\u00f3n).- Uno de los momentos m\u00e1s esperados de la final de la Copa del Rey entre FC Barcelona y Sevilla era saber c\u00f3mo iban a actuar los cerca de 55.000 aficionados durante la ceremonia de himnos. Y como ya sucedi\u00f3 en 2009 (Mestalla), en 2012 (Calder\u00f3n) y en 2015 (Camp Nou), la afici\u00f3n azulgrana [&hellip;]<\/p>\n","protected":false},"author":7,"featured_media":50898,"comment_status":"open","ping_status":"open","sticky":false,"template":"","format":"standard","meta":{"footnotes":""},"categories":[42,85,40],"tags":[],"class_list":["post-50897","post","type-post","status-publish","format-standard","has-post-thumbnail","hentry","category-deportes","category-espana","category-internacionales"],"_links":{"self":[{"href":"https:\/\/2horizontes.com\/index.php?rest_route=\/wp\/v2\/posts\/50897","targetHints":{"allow":["GET"]}}],"collection":[{"href":"https:\/\/2horizontes.com\/index.php?rest_route=\/wp\/v2\/posts"}],"about":[{"href":"https:\/\/2horizontes.com\/index.php?rest_route=\/wp\/v2\/types\/post"}],"author":[{"embeddable":true,"href":"https:\/\/2horizontes.com\/index.php?rest_route=\/wp\/v2\/users\/7"}],"replies":[{"embeddable":true,"href":"https:\/\/2horizontes.com\/index.php?rest_route=%2Fwp%2Fv2%2Fcomments&post=50897"}],"version-history":[{"count":1,"href":"https:\/\/2horizontes.com\/index.php?rest_route=\/wp\/v2\/posts\/50897\/revisions"}],"predecessor-version":[{"id":50899,"href":"https:\/\/2horizontes.com\/index.php?rest_route=\/wp\/v2\/posts\/50897\/revisions\/50899"}],"wp:featuredmedia":[{"embeddable":true,"href":"https:\/\/2horizontes.com\/index.php?rest_route=\/wp\/v2\/media\/50898"}],"wp:attachment":[{"href":"https:\/\/2horizontes.com\/index.php?rest_route=%2Fwp%2Fv2%2Fmedia&parent=50897"}],"wp:term":[{"taxonomy":"category","embeddable":true,"href":"https:\/\/2horizontes.com\/index.php?rest_route=%2Fwp%2Fv2%2Fcategories&post=50897"},{"taxonomy":"post_tag","embeddable":true,"href":"https:\/\/2horizontes.com\/index.php?rest_route=%2Fwp%2Fv2%2Ftags&post=50897"}],"curies":[{"name":"wp","href":"https:\/\/api.w.org\/{rel}","templated":true}]}}