{"id":50894,"date":"2016-05-22T20:36:56","date_gmt":"2016-05-22T19:36:56","guid":{"rendered":"http:\/\/2horizontes.com\/?p=50894"},"modified":"2016-05-22T20:36:56","modified_gmt":"2016-05-22T19:36:56","slug":"tres-muertos-y-11-heridos-en-un-tiroteo-en-un-concierto-en-austria","status":"publish","type":"post","link":"https:\/\/2horizontes.com\/?p=50894","title":{"rendered":"Tres muertos y 11 heridos en un tiroteo en un concierto en Austria"},"content":{"rendered":"<p>Un hombre armado ha matado a dos personas y ha herido a otras once antes de suicidarse durante un concierto al aire libre en la regi\u00f3n de Vorarlberg, en el oeste de Austria, seg\u00fan ha informado la Polic\u00eda.<\/p>\n<p>El tiroteo se produjo cuando unas 150 personas segu\u00edan un concierto a las 03.00 horas (01.00 GMT) en la localidad de Nenzing, situado a unos 40 kil\u00f3metros de la frontera con Liechtenstein. El concierto fue organizado por un club de moteros y antes del tiroteo algunos testigos indican que hubo una fuerte discusi\u00f3n entre un hombre y una mujer en un aparcamiento cercano.<\/p>\n<p>Seg\u00fan el relato de esos testigos, ese hombre de 27 a\u00f1os sac\u00f3 una pistola de su coche y se dirigi\u00f3 al lugar en el que se celebraba el concierto y comenz\u00f3 a disparar. La mujer con la que discuti\u00f3 el tirador no ha resultado herida. Parece que el hombre dispar\u00f3 al azar contra los asistentes al concierto, aunque las investigaciones contin\u00faan y este extremo no est\u00e1 confirmado.<\/p>\n<p>Por el momento no se conocen m\u00e1s detalles de los sucedido ni de la gravedad de los heridos, de los que la polic\u00eda se limita a decir que son \u00abde distinta consideraci\u00f3n\u00bb.<\/p>\n","protected":false},"excerpt":{"rendered":"<p>Un hombre armado ha matado a dos personas y ha herido a otras once antes de suicidarse durante un concierto al aire libre en la regi\u00f3n de Vorarlberg, en el oeste de Austria, seg\u00fan ha informado la Polic\u00eda. El tiroteo se produjo cuando unas 150 personas segu\u00edan un concierto a las 03.00 horas (01.00 GMT) [&hellip;]<\/p>\n","protected":false},"author":3,"featured_media":50895,"comment_status":"open","ping_status":"open","sticky":false,"template":"","format":"standard","meta":{"footnotes":""},"categories":[40],"tags":[],"class_list":["post-50894","post","type-post","status-publish","format-standard","has-post-thumbnail","hentry","category-internacionales"],"_links":{"self":[{"href":"https:\/\/2horizontes.com\/index.php?rest_route=\/wp\/v2\/posts\/50894","targetHints":{"allow":["GET"]}}],"collection":[{"href":"https:\/\/2horizontes.com\/index.php?rest_route=\/wp\/v2\/posts"}],"about":[{"href":"https:\/\/2horizontes.com\/index.php?rest_route=\/wp\/v2\/types\/post"}],"author":[{"embeddable":true,"href":"https:\/\/2horizontes.com\/index.php?rest_route=\/wp\/v2\/users\/3"}],"replies":[{"embeddable":true,"href":"https:\/\/2horizontes.com\/index.php?rest_route=%2Fwp%2Fv2%2Fcomments&post=50894"}],"version-history":[{"count":1,"href":"https:\/\/2horizontes.com\/index.php?rest_route=\/wp\/v2\/posts\/50894\/revisions"}],"predecessor-version":[{"id":50896,"href":"https:\/\/2horizontes.com\/index.php?rest_route=\/wp\/v2\/posts\/50894\/revisions\/50896"}],"wp:featuredmedia":[{"embeddable":true,"href":"https:\/\/2horizontes.com\/index.php?rest_route=\/wp\/v2\/media\/50895"}],"wp:attachment":[{"href":"https:\/\/2horizontes.com\/index.php?rest_route=%2Fwp%2Fv2%2Fmedia&parent=50894"}],"wp:term":[{"taxonomy":"category","embeddable":true,"href":"https:\/\/2horizontes.com\/index.php?rest_route=%2Fwp%2Fv2%2Fcategories&post=50894"},{"taxonomy":"post_tag","embeddable":true,"href":"https:\/\/2horizontes.com\/index.php?rest_route=%2Fwp%2Fv2%2Ftags&post=50894"}],"curies":[{"name":"wp","href":"https:\/\/api.w.org\/{rel}","templated":true}]}}