{"id":50861,"date":"2016-05-21T12:51:43","date_gmt":"2016-05-21T11:51:43","guid":{"rendered":"http:\/\/2horizontes.com\/?p=50861"},"modified":"2016-05-21T12:51:43","modified_gmt":"2016-05-21T11:51:43","slug":"anulan-condena-a-40-anos-de-carcel-a-salvadorena-presa-tras-aborto-espontaneo","status":"publish","type":"post","link":"https:\/\/2horizontes.com\/?p=50861","title":{"rendered":"Anulan condena a 40 a\u00f1os de c\u00e1rcel a salvadore\u00f1a presa tras aborto espont\u00e1neo"},"content":{"rendered":"<div id=\"ArticleAuthorDiv\" class=\"article-body-author\"><b>EFE<\/b><\/div>\n<div id=\"ArticleSourceDiv\" class=\"article-body-author\"><b>San Salvador<\/b><\/div>\n<div id=\"ArticleBody\">\n<p>Un tribunal de El Salvador anul\u00f3 ayer una sentencia de 40 a\u00f1os de c\u00e1rcel a una mujer acusada de homicidio, quien perdi\u00f3 a su hijo en un aborto espont\u00e1neo a causa de un problema obst\u00e9trico.<\/p>\n<p>En 2011, Mar\u00eda Teresa Rivera padeci\u00f3 de un problema que la llev\u00f3 a tener un aborto en su casa, en el que muri\u00f3 el feto, de menos de 21 semanas de gestaci\u00f3n.<\/p>\n<p>Al ser un hecho extrahospitalario, no pudo ser calificado legalmente como un aborto, prohibido en el pa\u00eds desde 1998, por lo que la Fiscal\u00eda salvadore\u00f1a la acus\u00f3 de homicidio agravado y Rivera recibi\u00f3 una pena de 40 a\u00f1os de prisi\u00f3n.<\/p>\n<p>El Juzgado Tercero de Sentencia de San Salvador bas\u00f3 la anulaci\u00f3n en que \u00abexistieron debilidades en la autopsia realizada al cad\u00e1ver, adem\u00e1s no se estableci\u00f3 los elementos probatorios que determinaran que fuera ella la que le quitara la vida a su hijo\u00bb, explic\u00f3 el Centro Judicial Isidro Men\u00e9ndez, que agrupa a los tribunales en San Salvador.<\/p>\n<p>La sentencia de 40 a\u00f1os fue emitida el 27 de julio de 2012 por este mismo tribunal.<\/p>\n<p>El hecho sucedi\u00f3 en el municipio de Mejicanos (norte) el 24 de noviembre de 2011, en la vivienda de la mujer, a quien en su momento se le acus\u00f3 de haber \u00abasesinado a su beb\u00e9 reci\u00e9n nacido y arrojarlo en una fosa s\u00e9ptica en su casa\u00bb, agreg\u00f3 el ente judicial.<\/p>\n<p>Rivera era parte de un grupo de 15 mujeres condenadas por delitos ligados al aborto en El Salvador.<\/p>\n<p>Jorge Menj\u00edvar, encargado de comunicaciones de la Agrupaci\u00f3n Ciudadana por la Despenalizaci\u00f3n del Aborto, dijo a Efe que la decisi\u00f3n del tribunal \u00abes una luz de esperanza para hacer justicia en todos aquellos casos de mujeres que han sido juzgadas irresponsablemente\u00bb.<\/p>\n<p>\u00abPara las organizaciones en defensa por la despenalizaci\u00f3n del aborto es signo de que en el pa\u00eds se puede hacer justicia y que las mujeres que a\u00fan est\u00e1n en la c\u00e1rcel acusadas de aborto pueden salir en libertad\u00bb, asever\u00f3.<\/p>\n<p>Menj\u00edvar enfatiz\u00f3 que \u00abes una noticia muy positiva que nos motiva a seguir luchando por los derechos de estas mujeres\u00bb.<\/p>\n<p>El aborto en todas sus formas est\u00e1 prohibido en el pa\u00eds centroamericano desde 1998; el C\u00f3digo Penal sanciona estas pr\u00e1cticas en los art\u00edculo 133, 128 y 129.<\/p>\n<\/div>\n","protected":false},"excerpt":{"rendered":"<p>EFE San Salvador Un tribunal de El Salvador anul\u00f3 ayer una sentencia de 40 a\u00f1os de c\u00e1rcel a una mujer acusada de homicidio, quien perdi\u00f3 a su hijo en un aborto espont\u00e1neo a causa de un problema obst\u00e9trico. En 2011, Mar\u00eda Teresa Rivera padeci\u00f3 de un problema que la llev\u00f3 a tener un aborto en [&hellip;]<\/p>\n","protected":false},"author":7,"featured_media":50862,"comment_status":"open","ping_status":"open","sticky":false,"template":"","format":"standard","meta":{"footnotes":""},"categories":[40,45],"tags":[],"class_list":["post-50861","post","type-post","status-publish","format-standard","has-post-thumbnail","hentry","category-internacionales","category-salud"],"_links":{"self":[{"href":"https:\/\/2horizontes.com\/index.php?rest_route=\/wp\/v2\/posts\/50861","targetHints":{"allow":["GET"]}}],"collection":[{"href":"https:\/\/2horizontes.com\/index.php?rest_route=\/wp\/v2\/posts"}],"about":[{"href":"https:\/\/2horizontes.com\/index.php?rest_route=\/wp\/v2\/types\/post"}],"author":[{"embeddable":true,"href":"https:\/\/2horizontes.com\/index.php?rest_route=\/wp\/v2\/users\/7"}],"replies":[{"embeddable":true,"href":"https:\/\/2horizontes.com\/index.php?rest_route=%2Fwp%2Fv2%2Fcomments&post=50861"}],"version-history":[{"count":1,"href":"https:\/\/2horizontes.com\/index.php?rest_route=\/wp\/v2\/posts\/50861\/revisions"}],"predecessor-version":[{"id":50863,"href":"https:\/\/2horizontes.com\/index.php?rest_route=\/wp\/v2\/posts\/50861\/revisions\/50863"}],"wp:featuredmedia":[{"embeddable":true,"href":"https:\/\/2horizontes.com\/index.php?rest_route=\/wp\/v2\/media\/50862"}],"wp:attachment":[{"href":"https:\/\/2horizontes.com\/index.php?rest_route=%2Fwp%2Fv2%2Fmedia&parent=50861"}],"wp:term":[{"taxonomy":"category","embeddable":true,"href":"https:\/\/2horizontes.com\/index.php?rest_route=%2Fwp%2Fv2%2Fcategories&post=50861"},{"taxonomy":"post_tag","embeddable":true,"href":"https:\/\/2horizontes.com\/index.php?rest_route=%2Fwp%2Fv2%2Ftags&post=50861"}],"curies":[{"name":"wp","href":"https:\/\/api.w.org\/{rel}","templated":true}]}}