{"id":50843,"date":"2016-05-21T12:25:21","date_gmt":"2016-05-21T11:25:21","guid":{"rendered":"http:\/\/2horizontes.com\/?p=50843"},"modified":"2016-05-21T12:25:21","modified_gmt":"2016-05-21T11:25:21","slug":"en-estado-critico-hombre-que-fue-baleado-por-servicio-secreto-en-la-casa-blanca","status":"publish","type":"post","link":"https:\/\/2horizontes.com\/?p=50843","title":{"rendered":"En estado cr\u00edtico hombre que fue baleado por Servicio Secreto en la Casa Blanca"},"content":{"rendered":"<div id=\"ArticleAuthorDiv\" class=\"article-body-author\"><b>EFE<\/b><\/div>\n<div id=\"ArticleSourceDiv\" class=\"article-body-author\"><b>Washington<\/b><\/div>\n<div id=\"ArticleBody\">\n<p>La Casa Blanca fue cerrada ayer temporalmente debido a un incidente ocurrido en uno de los controles de acceso al complejo presidencial, donde un individuo sac\u00f3 un arma y, tras negarse a entregarla, le dispararon los agentes del Servicio Secreto, el cuerpo que protege al presidente de EE.UU. y su familia.<\/p>\n<p>En un principio, cuando se registraron los disparos, se inform\u00f3 que el incidente hab\u00eda tenido lugar dentro del complejo presidencial, compuesto por la Casa Blanca como tal y otros edificios aleda\u00f1os.<\/p>\n<p>La Polic\u00eda de Parques Nacionales fue la primera en informar de la activaci\u00f3n del protocolo de seguridad ante un incidente ocurrido en la West Executive Drive, que separa el edificio de la Casa Blanca del Executive Office Building, el antiguo Ministerio de la Guerra, que actualmente acoge la oficina del vicepresidente.<\/p>\n<p>Pasada la confusi\u00f3n inicial, se supo que el incidente no tuvo lugar dentro del complejo, sino fuera, en el control de acceso de la zona oeste, situado entre las calles 17 y E, en pleno centro de Washington.<\/p>\n<p>Un individuo se aproxim\u00f3 a ese puesto de control y sac\u00f3 un arma, aunque aparentemente no lleg\u00f3 a disparar.<\/p>\n<p>Al negarse a entregarla, un agente del Servicio Secreto le dispar\u00f3 en el abdomen y procedi\u00f3 a detenerlo.<\/p>\n<p>El sospechoso, cuya identidad no ha sido divulgada, fue trasladado a un hospital en estado cr\u00edtico y, tras darse por superada la alerta, el complejo presidencial fue reabierto menos de una hora despu\u00e9s de la activaci\u00f3n del protocolo de seguridad.<\/p>\n<p>El presidente Barack Obama no estaba en la Casa Blanca cuando ocurri\u00f3 el incidente, ya que decidi\u00f3 aprovechar el d\u00eda soleado para ir a jugar al golf a la base a\u00e9rea de Andrews (Maryland), a las afueras de Washington.<\/p>\n<p>S\u00ed estaba dentro de la Casa Blanca el vicepresidente de EE.UU., Joseph Biden, quien fue trasladado a una localizaci\u00f3n segura nada m\u00e1s conocerse el incidente, seg\u00fan una portavoz de su oficina.<\/p>\n<p>Un funcionario de la Casa Blanca detall\u00f3 que ninguna persona dentro del complejo result\u00f3 herida y que Obama fue informado de lo sucedido mientras estaba jugando al golf.<\/p>\n<p>Varios incidentes en los \u00faltimos a\u00f1os, algunos protagonizados por individuos que han saltado la verja que protege la Casa Blanca, han motivado un aumento gradual de la seguridad en el per\u00edmetro de la residencia presidencial.<\/p>\n<p>Recientemente, en abril, se produjeron al menos dos incidentes que motivaron el cierre temporal de la Casa Blanca.<\/p>\n<p>Uno de ellos fue protagonizado por un hombre que escapaba de las autoridades, despu\u00e9s de haber perpetrado supuestamente un robo, y salt\u00f3 la valla del complejo.<\/p>\n<p>En el segundo, otro individuo arroj\u00f3 \u00abobjetos personales\u00bb por encima de la valla de la zona norte del complejo.<\/p>\n<p>Entre las situaciones m\u00e1s graves est\u00e1 la de septiembre de 2014, cuando un veterano de la guerra de Irak armado con un cuchillo e identificado como Omar J. Gonz\u00e1lez salt\u00f3 la valla principal y lleg\u00f3 hasta la primera planta de la residencia presidencial antes de que el Servicio Secreto lo detuviera, algo por lo que fue condenado a 17 meses de prisi\u00f3n.<\/p>\n<p>Ese suceso perjudic\u00f3 notablemente la reputaci\u00f3n del Servicio Secreto y motiv\u00f3 la dimisi\u00f3n de la que era entonces directora de esa agencia, Julia Pierson.<\/p>\n<\/div>\n<div><\/div>\n","protected":false},"excerpt":{"rendered":"<p>EFE Washington La Casa Blanca fue cerrada ayer temporalmente debido a un incidente ocurrido en uno de los controles de acceso al complejo presidencial, donde un individuo sac\u00f3 un arma y, tras negarse a entregarla, le dispararon los agentes del Servicio Secreto, el cuerpo que protege al presidente de EE.UU. y su familia. En un [&hellip;]<\/p>\n","protected":false},"author":7,"featured_media":50844,"comment_status":"open","ping_status":"open","sticky":false,"template":"","format":"standard","meta":{"footnotes":""},"categories":[40],"tags":[],"class_list":["post-50843","post","type-post","status-publish","format-standard","has-post-thumbnail","hentry","category-internacionales"],"_links":{"self":[{"href":"https:\/\/2horizontes.com\/index.php?rest_route=\/wp\/v2\/posts\/50843","targetHints":{"allow":["GET"]}}],"collection":[{"href":"https:\/\/2horizontes.com\/index.php?rest_route=\/wp\/v2\/posts"}],"about":[{"href":"https:\/\/2horizontes.com\/index.php?rest_route=\/wp\/v2\/types\/post"}],"author":[{"embeddable":true,"href":"https:\/\/2horizontes.com\/index.php?rest_route=\/wp\/v2\/users\/7"}],"replies":[{"embeddable":true,"href":"https:\/\/2horizontes.com\/index.php?rest_route=%2Fwp%2Fv2%2Fcomments&post=50843"}],"version-history":[{"count":1,"href":"https:\/\/2horizontes.com\/index.php?rest_route=\/wp\/v2\/posts\/50843\/revisions"}],"predecessor-version":[{"id":50845,"href":"https:\/\/2horizontes.com\/index.php?rest_route=\/wp\/v2\/posts\/50843\/revisions\/50845"}],"wp:featuredmedia":[{"embeddable":true,"href":"https:\/\/2horizontes.com\/index.php?rest_route=\/wp\/v2\/media\/50844"}],"wp:attachment":[{"href":"https:\/\/2horizontes.com\/index.php?rest_route=%2Fwp%2Fv2%2Fmedia&parent=50843"}],"wp:term":[{"taxonomy":"category","embeddable":true,"href":"https:\/\/2horizontes.com\/index.php?rest_route=%2Fwp%2Fv2%2Fcategories&post=50843"},{"taxonomy":"post_tag","embeddable":true,"href":"https:\/\/2horizontes.com\/index.php?rest_route=%2Fwp%2Fv2%2Ftags&post=50843"}],"curies":[{"name":"wp","href":"https:\/\/api.w.org\/{rel}","templated":true}]}}