{"id":50840,"date":"2016-05-21T12:23:36","date_gmt":"2016-05-21T11:23:36","guid":{"rendered":"http:\/\/2horizontes.com\/?p=50840"},"modified":"2016-05-21T12:23:36","modified_gmt":"2016-05-21T11:23:36","slug":"espana-concede-la-nacionalidad-a-otros-dos-familiares-de-leopoldo-lopez","status":"publish","type":"post","link":"https:\/\/2horizontes.com\/?p=50840","title":{"rendered":"Espa\u00f1a concede la nacionalidad a otros dos familiares de Leopoldo L\u00f3pez"},"content":{"rendered":"<div id=\"ArticleAuthorDiv\" class=\"article-body-author\"><b>EFE<\/b><\/div>\n<div id=\"ArticleSourceDiv\" class=\"article-body-author\"><b>Madrid<\/b><\/div>\n<div id=\"ArticleBody\">\n<p>El Gobierno espa\u00f1ol concedi\u00f3 ayer la nacionalidad a otros dos familiares del opositor venezolano encarcelado Leopoldo L\u00f3pez, a su hermana Cristina y al marido de \u00e9sta, Herm\u00e1n Jos\u00e9 Sifontes Tovar, adem\u00e1s de al presidente del diario El Nacional, a su mujer y sus dos hijos.<\/p>\n<p>La vicepresidenta, Soraya S\u00e1enz de Santamar\u00eda, argument\u00f3 que estas seis personas est\u00e1n \u00absumamente afectadas\u00bb por la \u00abpersecuci\u00f3n pol\u00edtica\u00bb que sufren en su pa\u00eds y que la decisi\u00f3n de concederles la nacionalidad les permite afrontar esa situaci\u00f3n \u00abcon mayores garant\u00edas democr\u00e1ticas\u00bb.<\/p>\n<p>La concesi\u00f3n de la nacionalidad la aprob\u00f3 hoy el Consejo de Ministros, tras el cual S\u00e1enz de Santamar\u00eda afirm\u00f3 que responde a \u00abun ejercicio de responsabilidad\u00bb.<\/p>\n<p>El Gobierno manifiesta as\u00ed su \u00absolidaridad a quienes sufren la persecuci\u00f3n pol\u00edtica\u00bb, dijo la vicepresidenta, al recordar que ya se concedi\u00f3 la nacionalidad espa\u00f1ola a los padres de Leopoldo L\u00f3pez el pasado a\u00f1o.<\/p>\n<p>La vicepresidenta explic\u00f3 que, tanto Cristina L\u00f3pez como su marido, Herm\u00e1n Jos\u00e9 Sifontes Tovar, se encuentran en una \u00abdram\u00e1tica\u00bb situaci\u00f3n debido al \u00abacoso pol\u00edtico que injustamente sufren su hermano, su padre y, en general, toda la familia\u00bb.<\/p>\n<p>Por el mismo motivo, argument\u00f3, se le ha concedido la nacionalidad al presidente del diario El Nacional, Luis Carlos Serra Carmona, su mujer y sus dos hijos.<\/p>\n<p>Precis\u00f3 que los padres del empresario son espa\u00f1oles y que \u00absus informaciones period\u00edsticas relacionadas con el r\u00e9gimen bolivariano le han convertido en uno de los 22 ciudadanos demandados ante la justicia\u00bb.<\/p>\n<p>El Gobierno concedi\u00f3 en diciembre del a\u00f1o pasado la nacionalidad espa\u00f1ola a los padres de Leopoldo L\u00f3pez -condenado a casi de 14 a\u00f1os de c\u00e1rcel- para \u00abreforzar sus garant\u00edas democr\u00e1ticas ante la persecuci\u00f3n pol\u00edtica y judicial\u00bb que sufren en Venezuela.<\/p>\n<p>La decisi\u00f3n de hoy coincide con la visita del expresidente Jos\u00e9 Luis Rodr\u00edguez Zapatero al pa\u00eds caribe\u00f1o y su entrevista con el presidente Nicol\u00e1s Maduro.<\/p>\n<p>Tambi\u00e9n con el regreso a Caracas esta semana del embajador espa\u00f1ol Antonio P\u00e9rez Hern\u00e1ndez, a quien se le orden\u00f3 retirarse el pasado mes tras los \u00abinsultos\u00bb de Maduro al presidente del Gobierno espa\u00f1ol, Mariano Rajoy.<\/p>\n<p>Adem\u00e1s, el presidente del partido liberal Ciudadanos, Albert Rivera, tiene previsto viajar el lunes a Venezuela para intervenir al d\u00eda siguiente ante el Parlamento, ahora dominado por la oposici\u00f3n.<\/p>\n<\/div>\n","protected":false},"excerpt":{"rendered":"<p>EFE Madrid El Gobierno espa\u00f1ol concedi\u00f3 ayer la nacionalidad a otros dos familiares del opositor venezolano encarcelado Leopoldo L\u00f3pez, a su hermana Cristina y al marido de \u00e9sta, Herm\u00e1n Jos\u00e9 Sifontes Tovar, adem\u00e1s de al presidente del diario El Nacional, a su mujer y sus dos hijos. La vicepresidenta, Soraya S\u00e1enz de Santamar\u00eda, argument\u00f3 que [&hellip;]<\/p>\n","protected":false},"author":7,"featured_media":50841,"comment_status":"open","ping_status":"open","sticky":false,"template":"","format":"standard","meta":{"footnotes":""},"categories":[85,40,43,48],"tags":[],"class_list":["post-50840","post","type-post","status-publish","format-standard","has-post-thumbnail","hentry","category-espana","category-internacionales","category-politica","category-venezuela"],"_links":{"self":[{"href":"https:\/\/2horizontes.com\/index.php?rest_route=\/wp\/v2\/posts\/50840","targetHints":{"allow":["GET"]}}],"collection":[{"href":"https:\/\/2horizontes.com\/index.php?rest_route=\/wp\/v2\/posts"}],"about":[{"href":"https:\/\/2horizontes.com\/index.php?rest_route=\/wp\/v2\/types\/post"}],"author":[{"embeddable":true,"href":"https:\/\/2horizontes.com\/index.php?rest_route=\/wp\/v2\/users\/7"}],"replies":[{"embeddable":true,"href":"https:\/\/2horizontes.com\/index.php?rest_route=%2Fwp%2Fv2%2Fcomments&post=50840"}],"version-history":[{"count":1,"href":"https:\/\/2horizontes.com\/index.php?rest_route=\/wp\/v2\/posts\/50840\/revisions"}],"predecessor-version":[{"id":50842,"href":"https:\/\/2horizontes.com\/index.php?rest_route=\/wp\/v2\/posts\/50840\/revisions\/50842"}],"wp:featuredmedia":[{"embeddable":true,"href":"https:\/\/2horizontes.com\/index.php?rest_route=\/wp\/v2\/media\/50841"}],"wp:attachment":[{"href":"https:\/\/2horizontes.com\/index.php?rest_route=%2Fwp%2Fv2%2Fmedia&parent=50840"}],"wp:term":[{"taxonomy":"category","embeddable":true,"href":"https:\/\/2horizontes.com\/index.php?rest_route=%2Fwp%2Fv2%2Fcategories&post=50840"},{"taxonomy":"post_tag","embeddable":true,"href":"https:\/\/2horizontes.com\/index.php?rest_route=%2Fwp%2Fv2%2Ftags&post=50840"}],"curies":[{"name":"wp","href":"https:\/\/api.w.org\/{rel}","templated":true}]}}