{"id":50837,"date":"2016-05-21T12:20:11","date_gmt":"2016-05-21T11:20:11","guid":{"rendered":"http:\/\/2horizontes.com\/?p=50837"},"modified":"2016-05-21T12:20:11","modified_gmt":"2016-05-21T11:20:11","slug":"el-chapo-esta-a-un-paso-de-ir-a-eu","status":"publish","type":"post","link":"https:\/\/2horizontes.com\/?p=50837","title":{"rendered":"El \u201cChapo\u201d est\u00e1 a un paso de ir a EU"},"content":{"rendered":"<div id=\"ArticleAuthorDiv\" class=\"article-body-author\"><b>AP<\/b><\/div>\n<div id=\"ArticleSourceDiv\" class=\"article-body-author\"><b>Ciudad de M\u00e9xico<\/b><\/div>\n<div id=\"ArticleBody\">\n<p>El gobierno de M\u00e9xico concedi\u00f3 la extradici\u00f3n del l\u00edder narcotraficante Joaqu\u00edn \u201cEl Chapo\u201d Guzm\u00e1n a Estados Unidos y de inmediato la defensa anunci\u00f3 que combatir\u00e1 la decisi\u00f3n en los tribunales, lo cual podr\u00eda demorar por meses la entrega del capo a las autoridades estadounidenses.<\/p>\n<p>La canciller\u00eda mexicana inform\u00f3 el viernes en un comunicado que el gobierno estadounidense dio garant\u00edas de que el capo no enfrentar\u00e1 pena de muerte, una condici\u00f3n de M\u00e9xico para extraditar a cualquiera de sus ciudadanos.<\/p>\n<p>La defensa de Guzm\u00e1n tiene a\u00fan 30 d\u00edas para poder iniciar un juicio de amparo contra la extradici\u00f3n, algo que su abogado dijo que har\u00e1, aunque no especific\u00f3 cu\u00e1ndo.<\/p>\n<p>El propio Guzm\u00e1n, considerado el l\u00edder del c\u00e1rtel de Sinaloa, fue notificado de la decisi\u00f3n de M\u00e9xico en el penal en el norte de M\u00e9xico donde permanece recluido, se\u00f1al\u00f3 la canciller\u00eda.<\/p>\n<p>\u201cHemos acordado no buscar la pena de muerte, lo cual es consistente con nuestras pol\u00edticas de extradici\u00f3n con M\u00e9xico\u201d, coment\u00f3 un funcionario estadounidense, no autorizado a ser identificado por pol\u00edticas internas de su gobierno.<\/p>\n<p>El capo fue transferido hace un par de semanas a una c\u00e1rcel en Ciudad Ju\u00e1rez, cerca de la frontera con Estados Unidos, en un movimiento que el gobierno dijo ten\u00eda que ver con nuevas obras para fortalecer la seguridad en la prisi\u00f3n donde se encontraba, cerca de la capital mexicana.<\/p>\n<p>Guzm\u00e1n enfrenta dos procesos de extradici\u00f3n para ser procesado en Texas y California, por delitos que incluyen asociaci\u00f3n para importar y distribuir coca\u00edna y marihuana; posesi\u00f3n de armas, lavado de dinero y homicidio. La canciller\u00eda se\u00f1al\u00f3 que consider\u00f3 procedentes ambas solicitudes.<\/p>\n<p>El juicio de amparo al que tiene derecho \u201cEl Chapo\u201d puede hacer que pasen meses antes de que la justicia resuelva si finalmente es enviado a EEUU o no.<\/p>\n<p>En ocasiones, los procesos de extradici\u00f3n llegan hasta la Suprema Corte. Jos\u00e9 Refugio Rodr\u00edguez, abogado del capo, dijo en Milenio Televisi\u00f3n que ya anticipaban que la canciller\u00eda avalar\u00eda la entrega y que su cliente est\u00e1 \u201ctranquilo\u201d porque a\u00fan pueden acudir a la justicia.<\/p>\n<p>\u201c\u00c9l sabe y est\u00e1 consciente que la verdadera batalla contra la resoluci\u00f3n de extradici\u00f3n se va a librar en un juicio de amparo\u201d, se\u00f1al\u00f3 el abogado.<\/p>\n<p>Rodr\u00edguez estim\u00f3 que el juicio podr\u00eda llevarse de entre uno y tres a\u00f1os.<\/p>\n<p>Aunque s\u00f3lo se presentaron dos procesos de extradici\u00f3n, Guzm\u00e1n enfrenta acusaciones de siete fiscal\u00edas federales en Estados Unidos, incluidas las de Chicago, Nueva York, Miami y San Diego.<\/p>\n<p>El capo fue detenido en enero de 2016 casi seis meses despu\u00e9s de huy\u00f3 del penal de m\u00e1xima seguridad del Altiplano, en las afueras de la Ciudad de M\u00e9xico, a trav\u00e9s de un t\u00fanel de 1,5 kil\u00f3metros que daba hasta la zona de la regadera de su celda.<\/p>\n<p>\u201cEl Chapo\u201d ya se hab\u00eda fugado de otra prisi\u00f3n de m\u00e1xima seguridad en 2001 y pas\u00f3 m\u00e1s de una d\u00e9cada como uno de los pr\u00f3fugos m\u00e1s buscados del mundo hasta su recaptura en 2014.<\/p>\n<\/div>\n<div><\/div>\n","protected":false},"excerpt":{"rendered":"<p>AP Ciudad de M\u00e9xico El gobierno de M\u00e9xico concedi\u00f3 la extradici\u00f3n del l\u00edder narcotraficante Joaqu\u00edn \u201cEl Chapo\u201d Guzm\u00e1n a Estados Unidos y de inmediato la defensa anunci\u00f3 que combatir\u00e1 la decisi\u00f3n en los tribunales, lo cual podr\u00eda demorar por meses la entrega del capo a las autoridades estadounidenses. La canciller\u00eda mexicana inform\u00f3 el viernes en [&hellip;]<\/p>\n","protected":false},"author":7,"featured_media":50838,"comment_status":"open","ping_status":"open","sticky":false,"template":"","format":"standard","meta":{"footnotes":""},"categories":[40],"tags":[],"class_list":["post-50837","post","type-post","status-publish","format-standard","has-post-thumbnail","hentry","category-internacionales"],"_links":{"self":[{"href":"https:\/\/2horizontes.com\/index.php?rest_route=\/wp\/v2\/posts\/50837","targetHints":{"allow":["GET"]}}],"collection":[{"href":"https:\/\/2horizontes.com\/index.php?rest_route=\/wp\/v2\/posts"}],"about":[{"href":"https:\/\/2horizontes.com\/index.php?rest_route=\/wp\/v2\/types\/post"}],"author":[{"embeddable":true,"href":"https:\/\/2horizontes.com\/index.php?rest_route=\/wp\/v2\/users\/7"}],"replies":[{"embeddable":true,"href":"https:\/\/2horizontes.com\/index.php?rest_route=%2Fwp%2Fv2%2Fcomments&post=50837"}],"version-history":[{"count":1,"href":"https:\/\/2horizontes.com\/index.php?rest_route=\/wp\/v2\/posts\/50837\/revisions"}],"predecessor-version":[{"id":50839,"href":"https:\/\/2horizontes.com\/index.php?rest_route=\/wp\/v2\/posts\/50837\/revisions\/50839"}],"wp:featuredmedia":[{"embeddable":true,"href":"https:\/\/2horizontes.com\/index.php?rest_route=\/wp\/v2\/media\/50838"}],"wp:attachment":[{"href":"https:\/\/2horizontes.com\/index.php?rest_route=%2Fwp%2Fv2%2Fmedia&parent=50837"}],"wp:term":[{"taxonomy":"category","embeddable":true,"href":"https:\/\/2horizontes.com\/index.php?rest_route=%2Fwp%2Fv2%2Fcategories&post=50837"},{"taxonomy":"post_tag","embeddable":true,"href":"https:\/\/2horizontes.com\/index.php?rest_route=%2Fwp%2Fv2%2Ftags&post=50837"}],"curies":[{"name":"wp","href":"https:\/\/api.w.org\/{rel}","templated":true}]}}