{"id":50804,"date":"2016-05-20T22:01:24","date_gmt":"2016-05-20T21:01:24","guid":{"rendered":"http:\/\/2horizontes.com\/?p=50804"},"modified":"2016-05-20T22:01:24","modified_gmt":"2016-05-20T21:01:24","slug":"macri-esta-decidido-a-vetar-la-ley-antidespidos","status":"publish","type":"post","link":"https:\/\/2horizontes.com\/?p=50804","title":{"rendered":"Macri est\u00e1 decidido a vetar la ley antidespidos"},"content":{"rendered":"<div class=\"mce-body mce\">\n<p class=\"ap-story-p\">El presidente argentino Mauricio Macri se mostr\u00f3 decidido a vetar el viernes la ley que proh\u00edbe los despidos por 180 d\u00edas y contempla el pago de una doble compensaci\u00f3n a los cesanteados, lo que ha puesto en pie de guerra a sindicalistas.<\/p>\n<p class=\"ap-story-p\">\u00abHoy, en uso de esta facultad constitucional que tengo, voy a vetar la ley que para m\u00ed es anti empleo, una ley contra los argentinos, que demuestra que no confiamos en nuestro futuro\u00bb, dijo Macri en un acto oficial al considerar que la medida empeorar\u00e1 la situaci\u00f3n econ\u00f3mica.<\/p>\n<p class=\"ap-story-p\">El presidente afirm\u00f3 que la norma que la mayor\u00eda de los bloques opositores consiguieron aprobar en la C\u00e1mara de Diputados en la madrugada del jueves \u00abva a traer m\u00e1s pobreza\u00bb.<\/p>\n<p class=\"ap-story-p\">\u00abLes digo que aquellos que me dijeron: &#8216;Pero mir\u00e1, no te conviene&#8217;&#8230; yo no vine ac\u00e1 para hacer lo que a m\u00ed me conviene, yo vine ac\u00e1 para ayudar a que los argentinos tengan una mejor oportunidad\u00bb, se\u00f1al\u00f3 el presidente.<\/p>\n<p class=\"ap-story-p\">Macri considera que la llamada ley anti despidos es una mala se\u00f1al para atraer inversiones. En un intento por desactivar su aprobaci\u00f3n, d\u00edas atr\u00e1s anunci\u00f3 un acuerdo con decenas de empresas para suspender las cesant\u00edas por 90 d\u00edas que a los sindicatos m\u00e1s combativos les pareci\u00f3 insuficiente.<\/p>\n<p class=\"ap-story-p\">Macri critic\u00f3 adem\u00e1s al peronista Frente para la Victoria que responde a la expresidenta Cristina Fern\u00e1ndez (2003-2007) por haber impulsado la controvertida ley cuando, en momentos en que esa fuerza gobernaba, \u00abdec\u00edan &#8216;este tipo de leyes no generan m\u00e1s empleo, no son buenas para el progreso\u00bb&#8217;.<\/p>\n<p class=\"ap-story-p\">El presidente sostuvo que en un a\u00f1o Argentina ver\u00e1 \u00ablos frutos\u00bb de las medidas econ\u00f3micas de ajuste que ha tomado para recortar el d\u00e9ficit p\u00fablico, las cuales han incrementado el descontento social, y destac\u00f3 que en los \u00faltimos d\u00edas ha tomado \u00abmuch\u00edsimas medidas para ayudar\u00bb a los m\u00e1s desfavorecidos como incrementos en los subsidios para las familias empobrecidas y los jubilados.<\/p>\n<p class=\"ap-story-p\">Pablo Micheli, titular de una rama de la Central de Trabajadores de Argentina -que agrupa a muchos trabajadores estatales- reconoci\u00f3 a medios de prensa que el veto es legal pero no \u00ableg\u00edtimo\u00bb.<\/p>\n<p class=\"ap-story-p\">Al respecto anunci\u00f3 que el s\u00e1bado discutir\u00e1 con otros sindicatos si llevar\u00e1n a cabo una medida de fuerza.<\/p>\n<p class=\"ap-story-p\">Hugo Yasky, l\u00edder del otro sector de la Central, dijo que la posici\u00f3n de Macri es \u00abantidemocr\u00e1tica\u00bb y una muestra de \u00absoberbia\u00bb luego de la masiva movilizaci\u00f3n del 29 de abril de cinco centrales sindicales en protesta por lo que consideran una ola de despidos. Anunci\u00f3 adem\u00e1s la pr\u00f3xima realizaci\u00f3n de un paro.<\/p>\n<p class=\"ap-story-p\">Entre 100.000 y 140.000 puestos de trabajo se perdieron en lo que va del a\u00f1o, seg\u00fan estad\u00edsticas elaboradas por sindicatos y consultoras privadas. El gobierno niega una crisis de empleo pero admite que el escenario econ\u00f3mico es complejo y responsabiliza a las pol\u00edticas populistas de Fern\u00e1ndez.<\/p>\n<p class=\"ap-story-p\">El riesgo a perder el empleo se ha convertido en una de las principales preocupaciones de los argentinos junto con la inflaci\u00f3n, que en abril fue cercana al 7%, la m\u00e1s alta desde 2002.<\/p>\n<p class=\"ap-story-p\">Daniel Kerner, titular del \u00e1rea de Latinoam\u00e9rica de Eurasia Group, dijo en un an\u00e1lisis al que tuvo acceso The Associated Press que las consecuencias de vetar la ley acarrear\u00e1n un costo pol\u00edtico para Macri pero \u00abdeber\u00edan ser manejables\u00bb.<\/p>\n<p class=\"ap-story-p\">Agreg\u00f3 que los sindicatos y los peronistas est\u00e1n tratando de aprovecharse del descontento generado por el ajuste e intentan hacer una \u00abdemostraci\u00f3n de fuerza\u00bb y mostrar a Macri que \u00abson poderosos\u00bb.<\/p>\n<p class=\"ap-story-p\">\u00abPodr\u00eda haber varias movilizaciones pero no de todos los sindicatos, as\u00ed es que el impacto no ser\u00e1 sustancial\u00bb, agreg\u00f3 Kerner.<\/p>\n<p class=\"ap-story-p\">El analista acot\u00f3 que es m\u00e1s \u00abpreocupante\u00bb que el gobierno haya hecho \u00faltimamente algunas concesiones en el \u00e1rea fiscal para negociar el respaldo de los gobernadores provinciales. Agreg\u00f3 que el acceso al financiamiento en los mercados es fundamental para el presidente.<\/p>\n<\/div>\n","protected":false},"excerpt":{"rendered":"<p>El presidente argentino Mauricio Macri se mostr\u00f3 decidido a vetar el viernes la ley que proh\u00edbe los despidos por 180 d\u00edas y contempla el pago de una doble compensaci\u00f3n a los cesanteados, lo que ha puesto en pie de guerra a sindicalistas. \u00abHoy, en uso de esta facultad constitucional que tengo, voy a vetar la [&hellip;]<\/p>\n","protected":false},"author":13240,"featured_media":37939,"comment_status":"open","ping_status":"open","sticky":false,"template":"","format":"standard","meta":{"footnotes":""},"categories":[40,43],"tags":[],"class_list":["post-50804","post","type-post","status-publish","format-standard","has-post-thumbnail","hentry","category-internacionales","category-politica"],"_links":{"self":[{"href":"https:\/\/2horizontes.com\/index.php?rest_route=\/wp\/v2\/posts\/50804","targetHints":{"allow":["GET"]}}],"collection":[{"href":"https:\/\/2horizontes.com\/index.php?rest_route=\/wp\/v2\/posts"}],"about":[{"href":"https:\/\/2horizontes.com\/index.php?rest_route=\/wp\/v2\/types\/post"}],"author":[{"embeddable":true,"href":"https:\/\/2horizontes.com\/index.php?rest_route=\/wp\/v2\/users\/13240"}],"replies":[{"embeddable":true,"href":"https:\/\/2horizontes.com\/index.php?rest_route=%2Fwp%2Fv2%2Fcomments&post=50804"}],"version-history":[{"count":1,"href":"https:\/\/2horizontes.com\/index.php?rest_route=\/wp\/v2\/posts\/50804\/revisions"}],"predecessor-version":[{"id":50807,"href":"https:\/\/2horizontes.com\/index.php?rest_route=\/wp\/v2\/posts\/50804\/revisions\/50807"}],"wp:featuredmedia":[{"embeddable":true,"href":"https:\/\/2horizontes.com\/index.php?rest_route=\/wp\/v2\/media\/37939"}],"wp:attachment":[{"href":"https:\/\/2horizontes.com\/index.php?rest_route=%2Fwp%2Fv2%2Fmedia&parent=50804"}],"wp:term":[{"taxonomy":"category","embeddable":true,"href":"https:\/\/2horizontes.com\/index.php?rest_route=%2Fwp%2Fv2%2Fcategories&post=50804"},{"taxonomy":"post_tag","embeddable":true,"href":"https:\/\/2horizontes.com\/index.php?rest_route=%2Fwp%2Fv2%2Ftags&post=50804"}],"curies":[{"name":"wp","href":"https:\/\/api.w.org\/{rel}","templated":true}]}}