{"id":50803,"date":"2016-05-20T21:59:51","date_gmt":"2016-05-20T20:59:51","guid":{"rendered":"http:\/\/2horizontes.com\/?p=50803"},"modified":"2016-05-20T21:59:51","modified_gmt":"2016-05-20T20:59:51","slug":"ecuador-rechazo-declaraciones-de-almagro-contra-presidente-de-venezuela","status":"publish","type":"post","link":"https:\/\/2horizontes.com\/?p=50803","title":{"rendered":"Ecuador rechaz\u00f3 declaraciones de Almagro contra Presidente de Venezuela"},"content":{"rendered":"<p>El gobierno ecuatoriano expres\u00f3 este jueves su rechazo ante las expresiones del secretario general de la Organizaci\u00f3n de Estados Americanos (OEA), Luis Almagro, contra el presidente de la Rep\u00fablica, Nicol\u00e1s Maduro, por considerarlas inapropiadas y alejadas de la ecuanimidad que exigen las pol\u00edticas que deben regir a un organismo de car\u00e1cter internacional.<\/p>\n<p>A trav\u00e9s de un comunicado de la Canciller\u00eda de Ecuador, publicado en su portal web, se le solicita a Almagro y al organismo que dirige, ajustarse en el desempe\u00f1o de sus funciones, tal como lo establece la Carta de la OEA.<\/p>\n<p><strong>Lea el comunicado completo:<\/strong><\/p>\n<p><em>El Gobierno de Ecuador expresa su preocupaci\u00f3n y rechazo ante las recientes manifestaciones del Secretario General de la Organizaci\u00f3n de Estados Americanos, Luis Almagro Lemes, que constan en la carta que dirige al Se\u00f1or Presidente de la Rep\u00fablica Bolivariana de Venezuela, Nicol\u00e1s Maduro, publicada en la p\u00e1gina electr\u00f3nica de la OEA el 18 de mayo del presente.<\/em><\/p>\n<p><em>Las expresiones vertidas en el documento que firma el Se\u00f1or Almagro, in\u00e9dito en sus formas y contenido, utiliza t\u00e9rminos impropios y un tono alejado de la ecuanimidad y mesura que exige la representaci\u00f3n de un organismo que agrupa a treinta y cuatro Estados del hemisferio.<\/em><\/p>\n<p><em>El Gobierno del Ecuador enfatiza que el Secretario General de la OEA deber\u00e1 ajustarse en el desempe\u00f1o de sus funciones a las Normas Generales de Funcionamiento de la Secretar\u00eda General de la Organizaci\u00f3n seg\u00fan lo establece el Art\u00edculo 113 de la Carta de la OEA, y por tanto hace un llamado al Secretario General a respetar de manera estricta el Art\u00edculo 137 de las citadas normas que dispone que: El Secretario General y el Secretario General Adjunto se abstendr\u00e1n de toda actividad, est\u00e9 o no espec\u00edficamente prohibida en estas Normas, que resulte o d\u00e9 la impresi\u00f3n de resultar en: &#8230;b. P\u00e9rdida de su independencia o ausencia de imparcialidad en sus respectivas actuaciones;&#8230;d. Perjuicio del buen nombre e integridad de la Secretar\u00eda General.<\/em><\/p>\n<p><em>Finalmente, se debe se\u00f1alar que el no cumplimiento de estas normas en el ejercicio de las funciones del Secretario General podr\u00eda limitar el buen funcionamiento de la OEA y por tanto la posible aplicaci\u00f3n del art\u00edculo 116 de la Carta de la OEA de acuerdo al cual se prev\u00e9 la remoci\u00f3n del Secretario General.<\/em><\/p>\n","protected":false},"excerpt":{"rendered":"<p>El gobierno ecuatoriano expres\u00f3 este jueves su rechazo ante las expresiones del secretario general de la Organizaci\u00f3n de Estados Americanos (OEA), Luis Almagro, contra el presidente de la Rep\u00fablica, Nicol\u00e1s Maduro, por considerarlas inapropiadas y alejadas de la ecuanimidad que exigen las pol\u00edticas que deben regir a un organismo de car\u00e1cter internacional. A trav\u00e9s de [&hellip;]<\/p>\n","protected":false},"author":13240,"featured_media":20972,"comment_status":"open","ping_status":"open","sticky":false,"template":"","format":"standard","meta":{"footnotes":""},"categories":[40,43,48],"tags":[],"class_list":["post-50803","post","type-post","status-publish","format-standard","has-post-thumbnail","hentry","category-internacionales","category-politica","category-venezuela"],"_links":{"self":[{"href":"https:\/\/2horizontes.com\/index.php?rest_route=\/wp\/v2\/posts\/50803","targetHints":{"allow":["GET"]}}],"collection":[{"href":"https:\/\/2horizontes.com\/index.php?rest_route=\/wp\/v2\/posts"}],"about":[{"href":"https:\/\/2horizontes.com\/index.php?rest_route=\/wp\/v2\/types\/post"}],"author":[{"embeddable":true,"href":"https:\/\/2horizontes.com\/index.php?rest_route=\/wp\/v2\/users\/13240"}],"replies":[{"embeddable":true,"href":"https:\/\/2horizontes.com\/index.php?rest_route=%2Fwp%2Fv2%2Fcomments&post=50803"}],"version-history":[{"count":1,"href":"https:\/\/2horizontes.com\/index.php?rest_route=\/wp\/v2\/posts\/50803\/revisions"}],"predecessor-version":[{"id":50805,"href":"https:\/\/2horizontes.com\/index.php?rest_route=\/wp\/v2\/posts\/50803\/revisions\/50805"}],"wp:featuredmedia":[{"embeddable":true,"href":"https:\/\/2horizontes.com\/index.php?rest_route=\/wp\/v2\/media\/20972"}],"wp:attachment":[{"href":"https:\/\/2horizontes.com\/index.php?rest_route=%2Fwp%2Fv2%2Fmedia&parent=50803"}],"wp:term":[{"taxonomy":"category","embeddable":true,"href":"https:\/\/2horizontes.com\/index.php?rest_route=%2Fwp%2Fv2%2Fcategories&post=50803"},{"taxonomy":"post_tag","embeddable":true,"href":"https:\/\/2horizontes.com\/index.php?rest_route=%2Fwp%2Fv2%2Ftags&post=50803"}],"curies":[{"name":"wp","href":"https:\/\/api.w.org\/{rel}","templated":true}]}}