{"id":50774,"date":"2016-05-20T14:01:16","date_gmt":"2016-05-20T13:01:16","guid":{"rendered":"http:\/\/2horizontes.com\/?p=50774"},"modified":"2016-05-20T14:01:16","modified_gmt":"2016-05-20T13:01:16","slug":"cuanta-gente-tiene-tu-nombre-y-apellido-en-espana-y-donde-vive","status":"publish","type":"post","link":"https:\/\/2horizontes.com\/?p=50774","title":{"rendered":"Cu\u00e1nta gente tiene tu nombre y apellido en Espa\u00f1a y d\u00f3nde vive?"},"content":{"rendered":"<p>La mayor\u00eda de los Fern\u00e1ndez vive en Le\u00f3n y en Asturias; si en alg\u00fan sitio escasean los Garc\u00eda es en el noreste de la Pen\u00ednsula; en Soria hay casi tantos Folch como en Lleida&#8230; El Instituto Nacional de Estad\u00edstica (INE) ha publicado hoy la base de datos actualizada de nombres y apellidos m\u00e1s comunes en Espa\u00f1a, con datos de 2015 y en VangData hemos preparado esta aplicaci\u00f3n para que puedas buscar el n\u00famero de personas que se llaman como t\u00fa en Espa\u00f1a y d\u00f3nde viven.<\/p>\n<p>Los datos del INE permiten hacer b\u00fasquedas entre los 50 apellidos m\u00e1s comunes de cada provincia, con lo que -lo advertimos de antemano- si tienes un apellido muy raro no lo podr\u00e1s encontrar.<\/p>\n<p>Introduce tu apellido en min\u00fasculas y sin tildes y pulsa \u201center\u201d o \u201cIr\u201d en el m\u00f3vil. Pincha sobre las provincias para ver el n\u00famero de personas que comparten tu apellido y la frecuencia del apellido por cada 1.000 habitantes en la regi\u00f3n.<\/p>\n<p>Si introduces tu apellido y el mapa se queda encallado en una pantalla en blanco, no te preocupes. La herramienta funciona, pero s\u00f3lo busca entre los 50 apellidos m\u00e1s comunes por provincia. si quieres saber cu\u00e1nta gente de tu localidad comparte tu apellido, puedes llamar al INE para pedir esa base de datos (nosotros no hemos recibido una respuesta satisfactoria a dicha petici\u00f3n).<\/p>\n<p>Para apellidos en Canarias y buscar los nombres m\u00e1s comunes sigue leyendo m\u00e1s abajo.<\/p>\n<p>Hay m\u00e1s. En Espa\u00f1a hay 22 hombres que se llaman Sara. En el aplicativo del INE podr\u00e1s rastrear los nombres m\u00e1s raros, los m\u00e1s comunes y los a\u00f1os en que se pusieron de moda en Espa\u00f1a. Introduce tu nombre y pulsa \u201center\u201d para ver el mapa. Para ver el gr\u00e1fico de evoluci\u00f3n del nombre a lo largo del tiempo, presiona el bot\u00f3n \u201cgr\u00e1fico\u201d abajo a la derecha. en este interactivo puedes buscar tambi\u00e9n nombres y apellidos en las Islas Canarias.<\/p>\n","protected":false},"excerpt":{"rendered":"<p>La mayor\u00eda de los Fern\u00e1ndez vive en Le\u00f3n y en Asturias; si en alg\u00fan sitio escasean los Garc\u00eda es en el noreste de la Pen\u00ednsula; en Soria hay casi tantos Folch como en Lleida&#8230; El Instituto Nacional de Estad\u00edstica (INE) ha publicado hoy la base de datos actualizada de nombres y apellidos m\u00e1s comunes en [&hellip;]<\/p>\n","protected":false},"author":3,"featured_media":50776,"comment_status":"open","ping_status":"open","sticky":false,"template":"","format":"standard","meta":{"footnotes":""},"categories":[85],"tags":[],"class_list":["post-50774","post","type-post","status-publish","format-standard","has-post-thumbnail","hentry","category-espana"],"_links":{"self":[{"href":"https:\/\/2horizontes.com\/index.php?rest_route=\/wp\/v2\/posts\/50774","targetHints":{"allow":["GET"]}}],"collection":[{"href":"https:\/\/2horizontes.com\/index.php?rest_route=\/wp\/v2\/posts"}],"about":[{"href":"https:\/\/2horizontes.com\/index.php?rest_route=\/wp\/v2\/types\/post"}],"author":[{"embeddable":true,"href":"https:\/\/2horizontes.com\/index.php?rest_route=\/wp\/v2\/users\/3"}],"replies":[{"embeddable":true,"href":"https:\/\/2horizontes.com\/index.php?rest_route=%2Fwp%2Fv2%2Fcomments&post=50774"}],"version-history":[{"count":1,"href":"https:\/\/2horizontes.com\/index.php?rest_route=\/wp\/v2\/posts\/50774\/revisions"}],"predecessor-version":[{"id":50777,"href":"https:\/\/2horizontes.com\/index.php?rest_route=\/wp\/v2\/posts\/50774\/revisions\/50777"}],"wp:featuredmedia":[{"embeddable":true,"href":"https:\/\/2horizontes.com\/index.php?rest_route=\/wp\/v2\/media\/50776"}],"wp:attachment":[{"href":"https:\/\/2horizontes.com\/index.php?rest_route=%2Fwp%2Fv2%2Fmedia&parent=50774"}],"wp:term":[{"taxonomy":"category","embeddable":true,"href":"https:\/\/2horizontes.com\/index.php?rest_route=%2Fwp%2Fv2%2Fcategories&post=50774"},{"taxonomy":"post_tag","embeddable":true,"href":"https:\/\/2horizontes.com\/index.php?rest_route=%2Fwp%2Fv2%2Ftags&post=50774"}],"curies":[{"name":"wp","href":"https:\/\/api.w.org\/{rel}","templated":true}]}}