{"id":5065,"date":"2015-04-18T10:24:28","date_gmt":"2015-04-18T10:24:28","guid":{"rendered":"http:\/\/2horizontes.com\/?p=5065"},"modified":"2015-04-18T10:24:28","modified_gmt":"2015-04-18T10:24:28","slug":"el-papa-francisco-pide-mas-firmeza-a-europa-para-frenar-las-muertes-en-el-mediterraneo","status":"publish","type":"post","link":"https:\/\/2horizontes.com\/?p=5065","title":{"rendered":"El Papa Francisco pide m\u00e1s &#8216;firmeza&#8217; a Europa para frenar las muertes en el Mediterr\u00e1neo"},"content":{"rendered":"<p>El papa Francisco expres\u00f3 hoy su \u00abgratitud por el esfuerzo que Italia est\u00e1 realizando\u00bb al socorrer y acoger a refugiados que navegan por el Mediterr\u00e1neo, e hizo un llamamiento internacional para haya \u00abuna implicaci\u00f3n m\u00e1s amplia\u00bb.<\/p>\n<p>\u00abDeseo expresar mi gratitud por el esfuerzo que Italia est\u00e1 realizando para acoger a numerosos inmigrantes que, arriesgando su vida, solicitan asilo\u00bb, afirm\u00f3 el pont\u00edfice durante una audiencia mantenida con el presidente de la Rep\u00fablica italiana, Sergio Mattarella, en el Vaticano. \u00abEs evidente que las proporciones del fen\u00f3meno requieren una implicaci\u00f3n m\u00e1s amplia. No debemos cansarnos de solicitar un empe\u00f1o m\u00e1s extenso a nivel europeo e internacional\u00bb, apunt\u00f3.<\/p>\n<p>Una opini\u00f3n compartida por Mattarella que subray\u00f3 que \u00abItalia trabaja con generosidad para afrontar la emergencia de la llegada de refugiados y pide desde hace tiempo una intervenci\u00f3n firme de Europa para frenar esta continua p\u00e9rdida de vidas humanas en el Mediterr\u00e1neo\u00bb.<\/p>\n<p>El papa y el presidente de la Rep\u00fablica italiana mantuvieron un encuentro privado de cerca de 20 minutos en el Vaticano, y despu\u00e9s pronunciaron estos discursos que pudieron ser escuchados por la prensa.<\/p>\n<p>Estos llamamientos se producen despu\u00e9s de que la Guardia Costera italiana haya confirmado que en los \u00faltimos d\u00edas ha socorrido a casi 11.000 inmigrantes en situaci\u00f3n de riesgo en las aguas del Canal de Sicilia. Una ayuda que, sin embargo, no ha evitado una nueva tragedia, debido a que una embarcaci\u00f3n naufrag\u00f3 y dej\u00f3 al menos 400 desaparecidos, seg\u00fan el testimonio de los 150 inmigrantes que fueron salvados.<\/p>\n<p>Los rescatados contaron que su barco se hundi\u00f3 solo 24 horas despu\u00e9s de partir de Libia con destino a Italia y que entre las v\u00edctimas habr\u00eda \u00abmuchos j\u00f3venes, probablemente menores\u00bb, cont\u00f3 Save the Children, que no precis\u00f3 esta cifra.<\/p>\n<p>Hoy, un grupo de 93 inmigrantes, salvados en las \u00faltimas horas por el servicio de Guardacostas, lleg\u00f3 al puerto de Palermo, en la isla de Sicilia (sur), mientras que siguen sin conocerse m\u00e1s detalles sobre estos 400 desaparecidos en aguas del Mediterr\u00e1neo. Si la cifra de los cuatro centenares de desaparecidos se confirmara, superar\u00eda a la de 366 personas fallecidas el pasado 3 de octubre al hundirse su embarcaci\u00f3n frente a las costas de la isla italiana de Lampedusa.<\/p>\n<p>Aquel hecho motivo que el Gobierno italiano pusiera en marcha el dispositivo Mare Nostrum que, durante un a\u00f1o, permiti\u00f3 el rescate de 100.250 personas y el arresto de 728 traficantes, seg\u00fan cifras del Ministerio del Interior.<\/p>\n<p>El sistema fue sustituido en noviembre por la operaci\u00f3n Trit\u00f3n, un programa comunitario que patrulla las fronteras mediterr\u00e1neas, pero que cuenta con menos recursos econ\u00f3micos que el anterior. Mientras que las ONG piden a la Uni\u00f3n Europea que garantice \u00abuna adecuada acogida\u00bb de estas personas, los centros de identificaci\u00f3n italianos y muchos alcaldes de las localidades a las que llegan estos inmigrantes han advertido que est\u00e1n desbordados.<\/p>\n<p>A toda esta situaci\u00f3n se suma el hecho de que los presidentes de las regiones norte\u00f1as de Lombard\u00eda y V\u00e9neto, Roberto Maroni y Luca Zaia, respectivamente, ambos de la xen\u00f3foba Liga Norte, han amenazado con ocupar los centros, residencias o gimnasios donde son alojados los inmigrantes rescatados.<\/p>\n","protected":false},"excerpt":{"rendered":"<p>El papa Francisco expres\u00f3 hoy su \u00abgratitud por el esfuerzo que Italia est\u00e1 realizando\u00bb al socorrer y acoger a refugiados que navegan por el Mediterr\u00e1neo, e hizo un llamamiento internacional para haya \u00abuna implicaci\u00f3n m\u00e1s amplia\u00bb. \u00abDeseo expresar mi gratitud por el esfuerzo que Italia est\u00e1 realizando para acoger a numerosos inmigrantes que, arriesgando su [&hellip;]<\/p>\n","protected":false},"author":1,"featured_media":5066,"comment_status":"open","ping_status":"open","sticky":false,"template":"","format":"standard","meta":{"footnotes":""},"categories":[54],"tags":[],"class_list":["post-5065","post","type-post","status-publish","format-standard","has-post-thumbnail","hentry","category-emigrantes"],"_links":{"self":[{"href":"https:\/\/2horizontes.com\/index.php?rest_route=\/wp\/v2\/posts\/5065","targetHints":{"allow":["GET"]}}],"collection":[{"href":"https:\/\/2horizontes.com\/index.php?rest_route=\/wp\/v2\/posts"}],"about":[{"href":"https:\/\/2horizontes.com\/index.php?rest_route=\/wp\/v2\/types\/post"}],"author":[{"embeddable":true,"href":"https:\/\/2horizontes.com\/index.php?rest_route=\/wp\/v2\/users\/1"}],"replies":[{"embeddable":true,"href":"https:\/\/2horizontes.com\/index.php?rest_route=%2Fwp%2Fv2%2Fcomments&post=5065"}],"version-history":[{"count":1,"href":"https:\/\/2horizontes.com\/index.php?rest_route=\/wp\/v2\/posts\/5065\/revisions"}],"predecessor-version":[{"id":5067,"href":"https:\/\/2horizontes.com\/index.php?rest_route=\/wp\/v2\/posts\/5065\/revisions\/5067"}],"wp:featuredmedia":[{"embeddable":true,"href":"https:\/\/2horizontes.com\/index.php?rest_route=\/wp\/v2\/media\/5066"}],"wp:attachment":[{"href":"https:\/\/2horizontes.com\/index.php?rest_route=%2Fwp%2Fv2%2Fmedia&parent=5065"}],"wp:term":[{"taxonomy":"category","embeddable":true,"href":"https:\/\/2horizontes.com\/index.php?rest_route=%2Fwp%2Fv2%2Fcategories&post=5065"},{"taxonomy":"post_tag","embeddable":true,"href":"https:\/\/2horizontes.com\/index.php?rest_route=%2Fwp%2Fv2%2Ftags&post=5065"}],"curies":[{"name":"wp","href":"https:\/\/api.w.org\/{rel}","templated":true}]}}