{"id":50641,"date":"2016-05-19T10:10:56","date_gmt":"2016-05-19T09:10:56","guid":{"rendered":"http:\/\/2horizontes.com\/?p=50641"},"modified":"2016-05-19T10:10:56","modified_gmt":"2016-05-19T09:10:56","slug":"el-ayuntamiento-de-madrid-planea-prohibir-el-acceso-de-taxis-a-la-puerta-del-sol","status":"publish","type":"post","link":"https:\/\/2horizontes.com\/?p=50641","title":{"rendered":"El Ayuntamiento de Madrid planea prohibir el acceso de taxis a la Puerta del Sol"},"content":{"rendered":"<p>El concejal de Desarrollo Urbano Sostenible, Jos\u00e9 Manuel Calvo, tiene claro que la Puerta del Sol necesita reordenarse. Y, adem\u00e1s de reubicar, suprimir o incorporar elementos en esta ca\u00f3tica plaza, el responsable del urbanismo de la ciudad piensa en prohibir la circulaci\u00f3n al taxi en los dos \u00fanicos carriles que le quedan al \u00abKil\u00f3metro 0.<\/p>\n<p>Calvo no pasa por alto la previsible congesti\u00f3n que podr\u00eda originarse una vez que abra el complejo de Canalejas (hotel, viviendas y centro comercial de lujo), a\u00fan con Ahora Madrid en el Gobierno.<\/p>\n<p>La v\u00eda que va desde la calle Mayor hasta la plaza de Canalejas se convertir\u00eda en zona de acceso restringido, exclusivo a veh\u00edculos de emergencias o vecinos. Esta zona forma parte ya, desde el pasado 1 de noviembre, del \u00faltimo \u00c1rea de Prioridad Residencial puesto en marcha por el Consistorio.<\/p>\n<p>Como ya adelant\u00f3 ABC, la direcci\u00f3n general de Patrimonio Cultural de la Comunidad de Madrid, dirigida por Paloma Sobrini, pidi\u00f3 al Ayuntamiento que elaborara un proyecto completo para \u00abhomogeneizar\u00bb y \u00abhumanizar\u00bb este paraje. Se incluye, precisa Calvo, en un plan estrat\u00e9gico de mejora de la movilidad. En este proyecto se incluir\u00eda tambi\u00e9n la incorporaci\u00f3n de m\u00e1s paradas de autobuses frente al edificio de Apple, \u00aben ning\u00fan caso estacionales\u00bb, a\u00f1ade. Es decir, los veh\u00edculos municipales no permanecer\u00edan estacionados en ese lugar.<\/p>\n<p>Peatonalizar<\/p>\n<p>Calvo tiene en la cabeza c\u00f3mo le gustar\u00eda reformar la Puerta del Sol. Cuando el Colegio Oficial de Arquitectos de Madrid (COAM) puso en marcha el concurso de ideas \u00abPiensa Sol\u00bb para cambiar la fisonom\u00eda de la plaza, el actual edil present\u00f3 su proyecto junto a Javier de Esteban Garbayo, Jos\u00e9 Manuel de Andr\u00e9s Moncayo y Ana Sabugo Sierra. Se llamaba \u00abLos lunes en Sol\u00bb. Result\u00f3 finalista. El tercer premio qued\u00f3 desierto a petici\u00f3n del jurado y se puso en valor tres trabajos, entre los que estaba el de Calvo.<\/p>\n<p>El proyecto dise\u00f1ado por el delegado de urbanismo sobre la plaza fue de los valorados por el COAM<br \/>\nSu dise\u00f1o convert\u00eda Sol en una plaza capaz de articular un nuevo eje cultural conectando algunos de los museos y edificios de mayor relevancia de la ciudad: el Museo del Prado, el de las Colecciones Reales, el Palacio Real,&#8230; \u00abTrataba de recuperar el antiguo Paseo del Rey\u00bb, se\u00f1ala. \u00abSe caracteriza la condici\u00f3n formal de cada espacio urbano con una trama de pavimento que favorece la direccionalidad de cada calle, a partir de una sucesi\u00f3n de l\u00edneas paralelas que potencian el tr\u00e1nsito y la secuencialidad\u00bb, detallaban los arquitectos en el proyecto.<\/p>\n<p>El documento que presentaron ante la entonces alcaldesa, Ana Botella, planteaba un nuevo concepto de l\u00edmite \u00aba partir del desplazamiento de objetos que han definido la historia de Sol a sus inmediaciones\u00bb. \u00abAs\u00ed se establecen nuevos tipos de asociaciones que enriquecen la experiencia urbana: el ciudadano se vincula con los objetos que hist\u00f3ricamente han construido la memoria de un lugar, haciendo que se ampl\u00eden sus fronteras\u00bb, subrayaban. La plaza quedaba pr\u00e1cticamente di\u00e1fana y trasladaba elementos como el Oso y el Madro\u00f1o, la Mariblanca y las fuentes a otros puntos del eje que creaban.<\/p>\n","protected":false},"excerpt":{"rendered":"<p>El concejal de Desarrollo Urbano Sostenible, Jos\u00e9 Manuel Calvo, tiene claro que la Puerta del Sol necesita reordenarse. Y, adem\u00e1s de reubicar, suprimir o incorporar elementos en esta ca\u00f3tica plaza, el responsable del urbanismo de la ciudad piensa en prohibir la circulaci\u00f3n al taxi en los dos \u00fanicos carriles que le quedan al \u00abKil\u00f3metro 0. [&hellip;]<\/p>\n","protected":false},"author":3,"featured_media":50642,"comment_status":"open","ping_status":"open","sticky":false,"template":"","format":"standard","meta":{"footnotes":""},"categories":[85],"tags":[],"class_list":["post-50641","post","type-post","status-publish","format-standard","has-post-thumbnail","hentry","category-espana"],"_links":{"self":[{"href":"https:\/\/2horizontes.com\/index.php?rest_route=\/wp\/v2\/posts\/50641","targetHints":{"allow":["GET"]}}],"collection":[{"href":"https:\/\/2horizontes.com\/index.php?rest_route=\/wp\/v2\/posts"}],"about":[{"href":"https:\/\/2horizontes.com\/index.php?rest_route=\/wp\/v2\/types\/post"}],"author":[{"embeddable":true,"href":"https:\/\/2horizontes.com\/index.php?rest_route=\/wp\/v2\/users\/3"}],"replies":[{"embeddable":true,"href":"https:\/\/2horizontes.com\/index.php?rest_route=%2Fwp%2Fv2%2Fcomments&post=50641"}],"version-history":[{"count":1,"href":"https:\/\/2horizontes.com\/index.php?rest_route=\/wp\/v2\/posts\/50641\/revisions"}],"predecessor-version":[{"id":50643,"href":"https:\/\/2horizontes.com\/index.php?rest_route=\/wp\/v2\/posts\/50641\/revisions\/50643"}],"wp:featuredmedia":[{"embeddable":true,"href":"https:\/\/2horizontes.com\/index.php?rest_route=\/wp\/v2\/media\/50642"}],"wp:attachment":[{"href":"https:\/\/2horizontes.com\/index.php?rest_route=%2Fwp%2Fv2%2Fmedia&parent=50641"}],"wp:term":[{"taxonomy":"category","embeddable":true,"href":"https:\/\/2horizontes.com\/index.php?rest_route=%2Fwp%2Fv2%2Fcategories&post=50641"},{"taxonomy":"post_tag","embeddable":true,"href":"https:\/\/2horizontes.com\/index.php?rest_route=%2Fwp%2Fv2%2Ftags&post=50641"}],"curies":[{"name":"wp","href":"https:\/\/api.w.org\/{rel}","templated":true}]}}