{"id":50629,"date":"2016-05-19T09:56:12","date_gmt":"2016-05-19T08:56:12","guid":{"rendered":"http:\/\/2horizontes.com\/?p=50629"},"modified":"2016-05-19T09:56:12","modified_gmt":"2016-05-19T08:56:12","slug":"mariela-castro-hija-de-raul-el-hada-madrina-de-los-gays-cubanos","status":"publish","type":"post","link":"https:\/\/2horizontes.com\/?p=50629","title":{"rendered":"Mariela Castro, hija de Ra\u00fal, el \u00abhada madrina\u00bb de los gays cubanos"},"content":{"rendered":"<p>Se suele decir que, de tal palo, tal astilla. S\u00f3lo que a veces no sucede as\u00ed. Buen ejemplo de ello es Mariela Castro (53), hija de Ra\u00fal Castro (84). Si bien, como su padre, tambi\u00e9n tiene madera de l\u00edder, el tema con el que ha hecho bandera dista mucho de la defensa enconada del socialismo. Porque Mariela lidera desde hace tiempo el movimiento en pro de los derechos de la comunidad LGTB+ cubana.<\/p>\n<p>Se la pod\u00eda ver este fin de semana en La Habana encabezando la marcha por el D\u00eda Internacional contra la Homofobia y la Transfobia. Destacaba entre las varias personalidades prominentes que hab\u00edan decidido participar en el evento, el mayor realizado en la isla en relaci\u00f3n al colectivo. \u00abLos cubanos est\u00e1n preparados para avanzar\u00bb, dijo a los periodistas all\u00ed reunidos.<\/p>\n<p>No es la primera vez que toma un papel tan preponderante en defensa de la comunidad LGTB+. El a\u00f1o pasado, justo a ra\u00edz del mismo evento, levantaba ampollas en el sector m\u00e1s reaccionario del Gobierno al impulsar una manifestaci\u00f3n durante la que se celebraron 20 \u00abcelebraciones de amor\u00bb, en las que los c\u00f3nyuges se intercambiaron simb\u00f3licamente los votos matrimoniales.<\/p>\n<p>En el acontecimiento habl\u00f3 sin tapujos sobre c\u00f3mo el pa\u00eds tendr\u00eda que seguir el ejemplo de Argentina y Uruguay, que ya hab\u00edan legislado por aquel entonces a favor de las uniones entre dos personas del mismo sexo: \u00abNo estamos interesados en ser los primeros. Lo que nos interesa es lograr que se legisle a favor de ello, principalmente\u00bb<\/p>\n<p>Sensibilizada desde peque\u00f1a<\/p>\n<p>Pero, \u00bfa qu\u00e9 se debe esta defensa enconada del colectivo gay? Probablemente a que su infancia y adolescencia (los a\u00f1os sesenta y setenta) coincidi\u00f3 con los peores en la persecuci\u00f3n del colectivo por parte del Gobierno cubano: cuando los homosexuales no eran s\u00f3lo marginados por su entorno social y laboral, sino que, adem\u00e1s, eran acosados de una manera habitual e incluso llegaban a ser internados en campos de trabajo.<\/p>\n<p>Criada en un ambiente afectuoso (se deshace en alabanzas hacia su padre, al que ha definido como respetuoso y afectuoso y del que ha confirmado sentirse extremadamente orgullosa), la vocaci\u00f3n por el activismo la trajo aprendida de casa.<\/p>\n<p>Su madre, Vilma Esp\u00edn, luch\u00f3 contra el hecho de que se considerase a la homosexualidad como una enfermedad: \u00abDesde su sentido com\u00fan de justicia [mi madre] estaba en contra del tratamiento psiqui\u00e1trico a los homosexuales\u00bb, ha llegado a decir la propia Mariela \u00abEso me llamaba la atenci\u00f3n y empec\u00e9 a buscar respuestas, y sigo haci\u00e9ndolo\u00bb.<\/p>\n","protected":false},"excerpt":{"rendered":"<p>Se suele decir que, de tal palo, tal astilla. S\u00f3lo que a veces no sucede as\u00ed. Buen ejemplo de ello es Mariela Castro (53), hija de Ra\u00fal Castro (84). Si bien, como su padre, tambi\u00e9n tiene madera de l\u00edder, el tema con el que ha hecho bandera dista mucho de la defensa enconada del socialismo. [&hellip;]<\/p>\n","protected":false},"author":3,"featured_media":50630,"comment_status":"open","ping_status":"open","sticky":false,"template":"","format":"standard","meta":{"footnotes":""},"categories":[40,57],"tags":[],"class_list":["post-50629","post","type-post","status-publish","format-standard","has-post-thumbnail","hentry","category-internacionales","category-mundo-gay"],"_links":{"self":[{"href":"https:\/\/2horizontes.com\/index.php?rest_route=\/wp\/v2\/posts\/50629","targetHints":{"allow":["GET"]}}],"collection":[{"href":"https:\/\/2horizontes.com\/index.php?rest_route=\/wp\/v2\/posts"}],"about":[{"href":"https:\/\/2horizontes.com\/index.php?rest_route=\/wp\/v2\/types\/post"}],"author":[{"embeddable":true,"href":"https:\/\/2horizontes.com\/index.php?rest_route=\/wp\/v2\/users\/3"}],"replies":[{"embeddable":true,"href":"https:\/\/2horizontes.com\/index.php?rest_route=%2Fwp%2Fv2%2Fcomments&post=50629"}],"version-history":[{"count":1,"href":"https:\/\/2horizontes.com\/index.php?rest_route=\/wp\/v2\/posts\/50629\/revisions"}],"predecessor-version":[{"id":50631,"href":"https:\/\/2horizontes.com\/index.php?rest_route=\/wp\/v2\/posts\/50629\/revisions\/50631"}],"wp:featuredmedia":[{"embeddable":true,"href":"https:\/\/2horizontes.com\/index.php?rest_route=\/wp\/v2\/media\/50630"}],"wp:attachment":[{"href":"https:\/\/2horizontes.com\/index.php?rest_route=%2Fwp%2Fv2%2Fmedia&parent=50629"}],"wp:term":[{"taxonomy":"category","embeddable":true,"href":"https:\/\/2horizontes.com\/index.php?rest_route=%2Fwp%2Fv2%2Fcategories&post=50629"},{"taxonomy":"post_tag","embeddable":true,"href":"https:\/\/2horizontes.com\/index.php?rest_route=%2Fwp%2Fv2%2Ftags&post=50629"}],"curies":[{"name":"wp","href":"https:\/\/api.w.org\/{rel}","templated":true}]}}