{"id":50557,"date":"2016-05-19T00:32:19","date_gmt":"2016-05-18T23:32:19","guid":{"rendered":"http:\/\/2horizontes.com\/?p=50557"},"modified":"2016-05-19T00:32:19","modified_gmt":"2016-05-18T23:32:19","slug":"refugiados-en-huelga-de-hambre-en-grecia-por-la-lentitud-de-la-reubicacion","status":"publish","type":"post","link":"https:\/\/2horizontes.com\/?p=50557","title":{"rendered":"Refugiados en huelga de hambre en Grecia por la lentitud de la reubicaci\u00f3n"},"content":{"rendered":"<div class=\"detalle-texto\">\n<div class=\"text\">\n<p>ATENAS. Unos 50 refugiados sirios e iraqu\u00edes en la isla griega de Qu\u00edos secundan una huelga de hambre en protesta por la lentitud con la que se lleva a cabo el programa de reubicaci\u00f3n a otros pa\u00edses europeos, indican hoy medios locales.<\/p>\n<p>Los refugiados, en huelga de hambre desde ayer, exigen informaci\u00f3n precisa sobre las consecuencias del acuerdo entre la Uni\u00f3n Europea (UE) y Turqu\u00eda sobre la devoluci\u00f3n de personas, que se puso en marcha el 20 de marzo, y reclaman que se acelere el examen de sus demandas de asilo y el programa de reubicaci\u00f3n a otros pa\u00edses de Europa y Norteam\u00e9rica.<\/p>\n<p>\u201cNo necesitamos comida, necesitamos un futuro\u201d, se lee en uno de los carteles colgados a la entrada del campamento gestionado conjuntamente por el Ayuntamiento de Qu\u00edos y la Agencia de Naciones Unidas para los Refugiados (ACNUR), donde viven entre 250 y 300 personas.<\/p>\n<p>Otros refugiados llevaron a cabo una huelga de hambre el lunes y el martes pasados en el centro de acogida de Sjist\u00f3, en la regi\u00f3n capitalina griega, para reivindicar la apertura de las fronteras.<\/p>\n<p>La pasada semana hubo protestas similares en distintos centros de acogida, a causa de la mala calidad de la comida.<\/p>\n<p>La falta de voluntad por parte de la mayor\u00eda de los Estados miembros de la UE de reubicaci\u00f3n de 160.000 refugiados desde Italia y Grecia ha elevado la tensi\u00f3n en los centros de acogida y de detenci\u00f3n griegos.<\/p>\n<p>En estos momentos, contin\u00faan en Grecia m\u00e1s de 54.000 refugiados en campamentos repartidos por todo el pa\u00eds. EFE<\/p>\n<\/div>\n<\/div>\n","protected":false},"excerpt":{"rendered":"<p>ATENAS. Unos 50 refugiados sirios e iraqu\u00edes en la isla griega de Qu\u00edos secundan una huelga de hambre en protesta por la lentitud con la que se lleva a cabo el programa de reubicaci\u00f3n a otros pa\u00edses europeos, indican hoy medios locales. Los refugiados, en huelga de hambre desde ayer, exigen informaci\u00f3n precisa sobre las [&hellip;]<\/p>\n","protected":false},"author":13240,"featured_media":50558,"comment_status":"open","ping_status":"open","sticky":false,"template":"","format":"standard","meta":{"footnotes":""},"categories":[40],"tags":[],"class_list":["post-50557","post","type-post","status-publish","format-standard","has-post-thumbnail","hentry","category-internacionales"],"_links":{"self":[{"href":"https:\/\/2horizontes.com\/index.php?rest_route=\/wp\/v2\/posts\/50557","targetHints":{"allow":["GET"]}}],"collection":[{"href":"https:\/\/2horizontes.com\/index.php?rest_route=\/wp\/v2\/posts"}],"about":[{"href":"https:\/\/2horizontes.com\/index.php?rest_route=\/wp\/v2\/types\/post"}],"author":[{"embeddable":true,"href":"https:\/\/2horizontes.com\/index.php?rest_route=\/wp\/v2\/users\/13240"}],"replies":[{"embeddable":true,"href":"https:\/\/2horizontes.com\/index.php?rest_route=%2Fwp%2Fv2%2Fcomments&post=50557"}],"version-history":[{"count":1,"href":"https:\/\/2horizontes.com\/index.php?rest_route=\/wp\/v2\/posts\/50557\/revisions"}],"predecessor-version":[{"id":50559,"href":"https:\/\/2horizontes.com\/index.php?rest_route=\/wp\/v2\/posts\/50557\/revisions\/50559"}],"wp:featuredmedia":[{"embeddable":true,"href":"https:\/\/2horizontes.com\/index.php?rest_route=\/wp\/v2\/media\/50558"}],"wp:attachment":[{"href":"https:\/\/2horizontes.com\/index.php?rest_route=%2Fwp%2Fv2%2Fmedia&parent=50557"}],"wp:term":[{"taxonomy":"category","embeddable":true,"href":"https:\/\/2horizontes.com\/index.php?rest_route=%2Fwp%2Fv2%2Fcategories&post=50557"},{"taxonomy":"post_tag","embeddable":true,"href":"https:\/\/2horizontes.com\/index.php?rest_route=%2Fwp%2Fv2%2Ftags&post=50557"}],"curies":[{"name":"wp","href":"https:\/\/api.w.org\/{rel}","templated":true}]}}