{"id":50512,"date":"2016-05-18T15:55:32","date_gmt":"2016-05-18T14:55:32","guid":{"rendered":"http:\/\/2horizontes.com\/?p=50512"},"modified":"2016-05-18T15:55:32","modified_gmt":"2016-05-18T14:55:32","slug":"un-fuerte-terremoto-golpea-ecuador-un-mes-despues-del-seismo-letal","status":"publish","type":"post","link":"https:\/\/2horizontes.com\/?p=50512","title":{"rendered":"Un fuerte terremoto golpea Ecuador un mes despu\u00e9s del se\u00edsmo letal"},"content":{"rendered":"<p>QUITO.- Un terremoto de magnitud 6,7 en la escala Richter ha sacudido el oeste deEcuador en la madrugada de este mi\u00e9rcoles \u2014a las 2.57 hora local\u2014, seg\u00fan el Servicio Geol\u00f3gico de Estados Unidos.<\/p>\n<p>El epicentro se ha situado cerca de la costa del pa\u00eds, a 58 kil\u00f3metros al sur de la ciudad de Esmeraldas y a una profundidad de 10 kil\u00f3metros.<\/p>\n<p>El presidente Rafael Correa precis\u00f3 en su perfil de Twitter que se trata de una r\u00e9plica del terremoto de hace un mes \u2014que caus\u00f3 al menos 660 muertos\u2014 y que solo ha provocado \u201cpeque\u00f1os da\u00f1os materiales\u201d.<\/p>\n<p>Los datos facilitados por el Instituto Geof\u00edsico de Ecuador var\u00edan respecto a los del Servicio Geol\u00f3gico de Estados Unidos.<\/p>\n<p>Inform\u00f3 que el temblor ha tenido una magnitud de 6,8 en la escala Richter y que se ha producido a una profundidad de 14,68 kil\u00f3metros.<\/p>\n<p>\u201cSectores de Manab\u00ed y Esmeraldas parcialmente sin energ\u00eda, pero ya la estamos recuperando\u201d, ha indicado el presidente en otro tuit, en el que ha a\u00f1adido que el resto del pa\u00eds se encuentra \u201csin novedades\u201d.<\/p>\n<p>Por el momento, seg\u00fan los medios locales, no hay constancia de nuevas v\u00edctimas por el terremoto. Las autoridades han informado de que est\u00e1n evaluando la situaci\u00f3n y han invitado a los ciudadanos a mantener la calma y a estar preparados para una posible evacuaci\u00f3n en caso de un nuevo temblor.<\/p>\n<p>Tras un primer temblor m\u00e1s potente, el Instituto Geof\u00edsico de Ecuador ha informado de otros cinco temblores en la \u00faltima media hora, incluido uno de 5,4 de magnitud, que se ha producido minutos despu\u00e9s del primero.<\/p>\n","protected":false},"excerpt":{"rendered":"<p>QUITO.- Un terremoto de magnitud 6,7 en la escala Richter ha sacudido el oeste deEcuador en la madrugada de este mi\u00e9rcoles \u2014a las 2.57 hora local\u2014, seg\u00fan el Servicio Geol\u00f3gico de Estados Unidos. El epicentro se ha situado cerca de la costa del pa\u00eds, a 58 kil\u00f3metros al sur de la ciudad de Esmeraldas y [&hellip;]<\/p>\n","protected":false},"author":4,"featured_media":50513,"comment_status":"open","ping_status":"open","sticky":false,"template":"","format":"standard","meta":{"footnotes":""},"categories":[84],"tags":[],"class_list":["post-50512","post","type-post","status-publish","format-standard","has-post-thumbnail","hentry","category-otras-noticias"],"_links":{"self":[{"href":"https:\/\/2horizontes.com\/index.php?rest_route=\/wp\/v2\/posts\/50512","targetHints":{"allow":["GET"]}}],"collection":[{"href":"https:\/\/2horizontes.com\/index.php?rest_route=\/wp\/v2\/posts"}],"about":[{"href":"https:\/\/2horizontes.com\/index.php?rest_route=\/wp\/v2\/types\/post"}],"author":[{"embeddable":true,"href":"https:\/\/2horizontes.com\/index.php?rest_route=\/wp\/v2\/users\/4"}],"replies":[{"embeddable":true,"href":"https:\/\/2horizontes.com\/index.php?rest_route=%2Fwp%2Fv2%2Fcomments&post=50512"}],"version-history":[{"count":1,"href":"https:\/\/2horizontes.com\/index.php?rest_route=\/wp\/v2\/posts\/50512\/revisions"}],"predecessor-version":[{"id":50514,"href":"https:\/\/2horizontes.com\/index.php?rest_route=\/wp\/v2\/posts\/50512\/revisions\/50514"}],"wp:featuredmedia":[{"embeddable":true,"href":"https:\/\/2horizontes.com\/index.php?rest_route=\/wp\/v2\/media\/50513"}],"wp:attachment":[{"href":"https:\/\/2horizontes.com\/index.php?rest_route=%2Fwp%2Fv2%2Fmedia&parent=50512"}],"wp:term":[{"taxonomy":"category","embeddable":true,"href":"https:\/\/2horizontes.com\/index.php?rest_route=%2Fwp%2Fv2%2Fcategories&post=50512"},{"taxonomy":"post_tag","embeddable":true,"href":"https:\/\/2horizontes.com\/index.php?rest_route=%2Fwp%2Fv2%2Ftags&post=50512"}],"curies":[{"name":"wp","href":"https:\/\/api.w.org\/{rel}","templated":true}]}}