{"id":50429,"date":"2016-05-17T17:27:52","date_gmt":"2016-05-17T16:27:52","guid":{"rendered":"http:\/\/2horizontes.com\/?p=50429"},"modified":"2016-05-17T17:27:52","modified_gmt":"2016-05-17T16:27:52","slug":"un-canibal-ingles-arranca-la-oreja-a-un-desconocido-y-se-la-guarda-en-el-bolsillo","status":"publish","type":"post","link":"https:\/\/2horizontes.com\/?p=50429","title":{"rendered":"Un can\u00edbal ingl\u00e9s arranca la oreja a un desconocido y se la guarda en el bolsillo"},"content":{"rendered":"<p>Un tribunal de Inglaterra ha condenado a seis a\u00f1os de c\u00e1rcel a un autoproclamado can\u00edbal que mordi\u00f3 y arranc\u00f3 parte de la oreja a un desconocido y se la \u201cguard\u00f3 en el bolsillo para m\u00e1s tarde\u201d, seg\u00fan explic\u00f3 \u00e9l mismo a la polic\u00eda. Seg\u00fan se explic\u00f3 en el juicio, Garth Anderton, de 24 a\u00f1os, sufre obsesi\u00f3n con el canibalismo, los vamp\u00edros y los asesinos en serie, informa la BBC.<\/p>\n<p>Anderton, que reconoci\u00f3 la agresi\u00f3n ante el juez, asegur\u00f3 que la v\u00edctima se hab\u00eda re\u00eddo de \u00e9l. Cuando la polic\u00eda le detuvo, el joven confes\u00f3: \u201cLe arranqu\u00e9 la oreja con los dientes y me la com\u00ed. Soy un can\u00edbal\u201d. Posteriormente, la polic\u00eda hall\u00f3 el trozo de oreja arrancado en un bolsillo de sus pantalones y Anderton explic\u00f3: \u201cEra dif\u00edcil de masticar, me la guardaba para m\u00e1s tarde\u201d.<\/p>\n<p>El abogado defensor de Anderton aleg\u00f3 en el juicio que el joven ten\u00eda antecedentes de problemas mentales y no era responsable de sus actos, asegurando adem\u00e1s que no se hab\u00eda tomado la medicaci\u00f3n prescrita y que aquella noche hab\u00eda consumido drogas y alcohol.<\/p>\n","protected":false},"excerpt":{"rendered":"<p>Un tribunal de Inglaterra ha condenado a seis a\u00f1os de c\u00e1rcel a un autoproclamado can\u00edbal que mordi\u00f3 y arranc\u00f3 parte de la oreja a un desconocido y se la \u201cguard\u00f3 en el bolsillo para m\u00e1s tarde\u201d, seg\u00fan explic\u00f3 \u00e9l mismo a la polic\u00eda. Seg\u00fan se explic\u00f3 en el juicio, Garth Anderton, de 24 a\u00f1os, sufre [&hellip;]<\/p>\n","protected":false},"author":3,"featured_media":50430,"comment_status":"open","ping_status":"open","sticky":false,"template":"","format":"standard","meta":{"footnotes":""},"categories":[40],"tags":[],"class_list":["post-50429","post","type-post","status-publish","format-standard","has-post-thumbnail","hentry","category-internacionales"],"_links":{"self":[{"href":"https:\/\/2horizontes.com\/index.php?rest_route=\/wp\/v2\/posts\/50429","targetHints":{"allow":["GET"]}}],"collection":[{"href":"https:\/\/2horizontes.com\/index.php?rest_route=\/wp\/v2\/posts"}],"about":[{"href":"https:\/\/2horizontes.com\/index.php?rest_route=\/wp\/v2\/types\/post"}],"author":[{"embeddable":true,"href":"https:\/\/2horizontes.com\/index.php?rest_route=\/wp\/v2\/users\/3"}],"replies":[{"embeddable":true,"href":"https:\/\/2horizontes.com\/index.php?rest_route=%2Fwp%2Fv2%2Fcomments&post=50429"}],"version-history":[{"count":1,"href":"https:\/\/2horizontes.com\/index.php?rest_route=\/wp\/v2\/posts\/50429\/revisions"}],"predecessor-version":[{"id":50431,"href":"https:\/\/2horizontes.com\/index.php?rest_route=\/wp\/v2\/posts\/50429\/revisions\/50431"}],"wp:featuredmedia":[{"embeddable":true,"href":"https:\/\/2horizontes.com\/index.php?rest_route=\/wp\/v2\/media\/50430"}],"wp:attachment":[{"href":"https:\/\/2horizontes.com\/index.php?rest_route=%2Fwp%2Fv2%2Fmedia&parent=50429"}],"wp:term":[{"taxonomy":"category","embeddable":true,"href":"https:\/\/2horizontes.com\/index.php?rest_route=%2Fwp%2Fv2%2Fcategories&post=50429"},{"taxonomy":"post_tag","embeddable":true,"href":"https:\/\/2horizontes.com\/index.php?rest_route=%2Fwp%2Fv2%2Ftags&post=50429"}],"curies":[{"name":"wp","href":"https:\/\/api.w.org\/{rel}","templated":true}]}}