{"id":50415,"date":"2016-05-17T15:25:26","date_gmt":"2016-05-17T14:25:26","guid":{"rendered":"http:\/\/2horizontes.com\/?p=50415"},"modified":"2016-05-17T15:25:26","modified_gmt":"2016-05-17T14:25:26","slug":"la-cantante-sinead-oconnor-desaparecida","status":"publish","type":"post","link":"https:\/\/2horizontes.com\/?p=50415","title":{"rendered":"La cantante Sinead O&#8217;Connor, desaparecida"},"content":{"rendered":"<p>La polic\u00eda del suburbio de Wilmette, en Chicago, ha alertado de la desaparici\u00f3n de la cantante irlandesa de 49 a\u00f1os Sinead O&#8217;Connor. Sali\u00f3 el domingo por la ma\u00f1ana a montar en bicicleta y desde entonces nadie ha vuelto a saber nada de ella. Las autoridades la califican de \u00abdesaparecida y posiblemente suicida.<\/p>\n<p>Fue una amiga de la artista quien dio la voz de alerta tras descubrir que O&#8217;Connor no hab\u00eda vuelto a casa tras su paseo en bicicleta, seg\u00fan informa el diario Irish Mirror.<\/p>\n<p>El pasado mes de noviembre tuvo que recibir tratamiento m\u00e9dico despu\u00e9s de dejar una nota a su familia donde quedaban a la luz sus intenciones de suicidarse.<\/p>\n","protected":false},"excerpt":{"rendered":"<p>La polic\u00eda del suburbio de Wilmette, en Chicago, ha alertado de la desaparici\u00f3n de la cantante irlandesa de 49 a\u00f1os Sinead O&#8217;Connor. Sali\u00f3 el domingo por la ma\u00f1ana a montar en bicicleta y desde entonces nadie ha vuelto a saber nada de ella. Las autoridades la califican de \u00abdesaparecida y posiblemente suicida. Fue una amiga [&hellip;]<\/p>\n","protected":false},"author":3,"featured_media":50416,"comment_status":"open","ping_status":"open","sticky":false,"template":"","format":"standard","meta":{"footnotes":""},"categories":[1,40],"tags":[],"class_list":["post-50415","post","type-post","status-publish","format-standard","has-post-thumbnail","hentry","category-entretenimiento","category-internacionales"],"_links":{"self":[{"href":"https:\/\/2horizontes.com\/index.php?rest_route=\/wp\/v2\/posts\/50415","targetHints":{"allow":["GET"]}}],"collection":[{"href":"https:\/\/2horizontes.com\/index.php?rest_route=\/wp\/v2\/posts"}],"about":[{"href":"https:\/\/2horizontes.com\/index.php?rest_route=\/wp\/v2\/types\/post"}],"author":[{"embeddable":true,"href":"https:\/\/2horizontes.com\/index.php?rest_route=\/wp\/v2\/users\/3"}],"replies":[{"embeddable":true,"href":"https:\/\/2horizontes.com\/index.php?rest_route=%2Fwp%2Fv2%2Fcomments&post=50415"}],"version-history":[{"count":1,"href":"https:\/\/2horizontes.com\/index.php?rest_route=\/wp\/v2\/posts\/50415\/revisions"}],"predecessor-version":[{"id":50417,"href":"https:\/\/2horizontes.com\/index.php?rest_route=\/wp\/v2\/posts\/50415\/revisions\/50417"}],"wp:featuredmedia":[{"embeddable":true,"href":"https:\/\/2horizontes.com\/index.php?rest_route=\/wp\/v2\/media\/50416"}],"wp:attachment":[{"href":"https:\/\/2horizontes.com\/index.php?rest_route=%2Fwp%2Fv2%2Fmedia&parent=50415"}],"wp:term":[{"taxonomy":"category","embeddable":true,"href":"https:\/\/2horizontes.com\/index.php?rest_route=%2Fwp%2Fv2%2Fcategories&post=50415"},{"taxonomy":"post_tag","embeddable":true,"href":"https:\/\/2horizontes.com\/index.php?rest_route=%2Fwp%2Fv2%2Ftags&post=50415"}],"curies":[{"name":"wp","href":"https:\/\/api.w.org\/{rel}","templated":true}]}}