{"id":50397,"date":"2016-05-17T11:29:04","date_gmt":"2016-05-17T10:29:04","guid":{"rendered":"http:\/\/2horizontes.com\/?p=50397"},"modified":"2016-05-17T11:29:04","modified_gmt":"2016-05-17T10:29:04","slug":"colombia-las-farc-reclutaron-mas-de-11-mil-menores","status":"publish","type":"post","link":"https:\/\/2horizontes.com\/?p=50397","title":{"rendered":"Colombia: las FARC reclutaron m\u00e1s de 11 mil menores"},"content":{"rendered":"<div id=\"ArticleAuthorDiv\" class=\"article-body-author\"><b>AP<\/b><\/div>\n<div id=\"ArticleSourceDiv\" class=\"article-body-author\"><b>BOGOTA, Colombia<\/b><\/div>\n<div id=\"ArticleBody\">\n<p>La Fiscal\u00eda General dijo ayer que 11.566 menores fueron reclutados por las FARC desde 1975 hasta 2014, informe entregado un d\u00eda despu\u00e9s de que la administraci\u00f3n del presidente Juan Manuel Santos y las FARC acordaran la salida de los menores de 15 a\u00f1os y un programa especial para su atenci\u00f3n.<\/p>\n<p>\u00abEn el an\u00e1lisis de las evidencias se encontr\u00f3 que, efectivamente, las FARC tuvieron una pol\u00edtica sistem\u00e1tica y casi generalizada de reclutamiento dirigida desde 1975 hasta el 2014 y establecimos que eso constituye un crimen internacional que es un crimen de guerra\u00bb, dijo el fiscal general Jorge Perdomo en rueda de prensa.<\/p>\n<p>Perdomo dijo que las Fuerzas Armadas Revolucionarias de Colombia (FARC) establecieron la edad de 15 a\u00f1os para el reclutamiento de menores a sus filas.<\/p>\n<p>Paula Gaviria, consejera presidencial para los Derechos Humanos, dijo a The Associated Press que el acuerdo firmado el domingo en La Habana implica que \u00ablas FARC se comprometan a entregar esa informaci\u00f3n no solamente de los menores de 15 a\u00f1os, sino de todos los ni\u00f1os y ni\u00f1as menores de 18 a\u00f1os\u00bb.<\/p>\n<p>La funcionaria celebr\u00f3 el hecho y destac\u00f3 que \u00ablo bueno es que se hizo antes de que se firme la paz\u00bb porque \u00abnormalmente este tipo de decisiones se toman al final\u00bb de las negociaciones. \u00a0\u00a0\u00a0\u00a0\u00a0\u00a0 \u00a0Como parte del acuerdo se estableci\u00f3 que los menores de 14 a 18 a\u00f1os podr\u00edan ser beneficiarios de indultos y amnist\u00edas por delitos relacionados con la rebeli\u00f3n.<\/p>\n<p>Asimismo se estableci\u00f3 que luego de la firma del acuerdo final, el gobierno colombiano tramitar\u00e1 las medidas necesarias para que todos los menores que hayan salido o vayan a salir de los campamentos de las FARC y se encuentren procesados o condenados por delitos no pasibles de amnist\u00eda o indulto queden a disposici\u00f3n de una jurisdicci\u00f3n especial que examine sus responsabilidades.<\/p>\n<p>En febrero las FARC hab\u00edan anunciado que finalizar\u00edan el reclutamiento de menores de 15 a\u00f1os.<\/p>\n<p>El presidente Santos dijo anoche que la salida de los menores de 15 a\u00f1os de los campamentos de las FARC es un paso \u00abespecialmente importante\u00bb en el proceso de paz, porque \u00ablo estamos haciendo precisamente por nuestros ni\u00f1os y para nuestros ni\u00f1os para asegurarles su futuro. Sacar a los ni\u00f1os de la guerra es otra muestra de que pronto, pronto terminar\u00e1 este cap\u00edtulo doloroso de nuestra historia y comenzar\u00e1 uno nuevo&#8230; el de la paz y la reconciliaci\u00f3n\u00bb.<\/p>\n<p>Desde fines de 2012 la administraci\u00f3n de Santos y la guerrilla de las FARC llevan adelante en La Habana un proceso de paz para tratar de poner fin a m\u00e1s de 50 a\u00f1os de conflicto armado interno.<\/p>\n<p>Hasta ahora, las delegaciones negociadoras han llegado a acuerdos en temas clave como la reforma agraria, la participaci\u00f3n en pol\u00edtica de los guerrilleros, la lucha contra el narcotr\u00e1fico, la erradicaci\u00f3n de las minas antipersonales, el resarcimiento a las v\u00edctimas y la forma en que los actores del conflicto armado pagar\u00e1n por sus delitos.<\/p>\n<p>A\u00fan quedan por resolver puntos complejos como el cese bilateral del fuego, el abandono de las armas por parte de los insurgentes y las zonas de ubicaci\u00f3n transitoria de los guerrilleros.<\/p>\n<\/div>\n","protected":false},"excerpt":{"rendered":"<p>AP BOGOTA, Colombia La Fiscal\u00eda General dijo ayer que 11.566 menores fueron reclutados por las FARC desde 1975 hasta 2014, informe entregado un d\u00eda despu\u00e9s de que la administraci\u00f3n del presidente Juan Manuel Santos y las FARC acordaran la salida de los menores de 15 a\u00f1os y un programa especial para su atenci\u00f3n. \u00abEn el [&hellip;]<\/p>\n","protected":false},"author":7,"featured_media":50398,"comment_status":"open","ping_status":"open","sticky":false,"template":"","format":"standard","meta":{"footnotes":""},"categories":[50,40],"tags":[],"class_list":["post-50397","post","type-post","status-publish","format-standard","has-post-thumbnail","hentry","category-colombia","category-internacionales"],"_links":{"self":[{"href":"https:\/\/2horizontes.com\/index.php?rest_route=\/wp\/v2\/posts\/50397","targetHints":{"allow":["GET"]}}],"collection":[{"href":"https:\/\/2horizontes.com\/index.php?rest_route=\/wp\/v2\/posts"}],"about":[{"href":"https:\/\/2horizontes.com\/index.php?rest_route=\/wp\/v2\/types\/post"}],"author":[{"embeddable":true,"href":"https:\/\/2horizontes.com\/index.php?rest_route=\/wp\/v2\/users\/7"}],"replies":[{"embeddable":true,"href":"https:\/\/2horizontes.com\/index.php?rest_route=%2Fwp%2Fv2%2Fcomments&post=50397"}],"version-history":[{"count":1,"href":"https:\/\/2horizontes.com\/index.php?rest_route=\/wp\/v2\/posts\/50397\/revisions"}],"predecessor-version":[{"id":50399,"href":"https:\/\/2horizontes.com\/index.php?rest_route=\/wp\/v2\/posts\/50397\/revisions\/50399"}],"wp:featuredmedia":[{"embeddable":true,"href":"https:\/\/2horizontes.com\/index.php?rest_route=\/wp\/v2\/media\/50398"}],"wp:attachment":[{"href":"https:\/\/2horizontes.com\/index.php?rest_route=%2Fwp%2Fv2%2Fmedia&parent=50397"}],"wp:term":[{"taxonomy":"category","embeddable":true,"href":"https:\/\/2horizontes.com\/index.php?rest_route=%2Fwp%2Fv2%2Fcategories&post=50397"},{"taxonomy":"post_tag","embeddable":true,"href":"https:\/\/2horizontes.com\/index.php?rest_route=%2Fwp%2Fv2%2Ftags&post=50397"}],"curies":[{"name":"wp","href":"https:\/\/api.w.org\/{rel}","templated":true}]}}