{"id":50394,"date":"2016-05-17T11:25:36","date_gmt":"2016-05-17T10:25:36","guid":{"rendered":"http:\/\/2horizontes.com\/?p=50394"},"modified":"2016-05-17T11:25:36","modified_gmt":"2016-05-17T10:25:36","slug":"reflexiones-2horizontes-24","status":"publish","type":"post","link":"https:\/\/2horizontes.com\/?p=50394","title":{"rendered":"Reflexiones 2Horizontes"},"content":{"rendered":"<p><strong>Por Alfredo Mella<\/strong><\/p>\n<p>Si le crees a Dios, Comparte con tus Amistades el Mensaje de hoy Martes 17 de Mayo 2016. (Eliu exalta la grandeza de Dios) A\u00f1adi\u00f3 Eliu y dijo: Esp\u00e9rame un poco<span class=\"text_exposed_show\">, y te ense\u00f1are; Porque todav\u00eda tengo razones en defensa de Dios. Tomar\u00e9 mi saber desde lejos, Y atribuir\u00e9 justicia a mi Hacedor. Porque de cierto no son mentira mis palabras; Contigo esta el que es integro en sus conceptos. He aqu\u00ed que Dios es grande, pero no desestima a nadie; Es poderoso en fuerza de sabidur\u00eda. No otorgar\u00e1 vida al imp\u00edo, Pero a los afligidos dar\u00e1 su derecho. No apartara de los justos sus ojos; Antes bien con los Reyes los pondr\u00e1 en trono para siempre, Y ser\u00e1n exaltados. JOB 36:1-2-3-4-5-6-7. Cristo viene pronto y el te ama, b\u00fascale m\u00e1s, Dios te bendiga siempre y a tus seres queridos, buenos d\u00edas.<\/span><\/p>\n","protected":false},"excerpt":{"rendered":"<p>Por Alfredo Mella Si le crees a Dios, Comparte con tus Amistades el Mensaje de hoy Martes 17 de Mayo 2016. (Eliu exalta la grandeza de Dios) A\u00f1adi\u00f3 Eliu y dijo: Esp\u00e9rame un poco, y te ense\u00f1are; Porque todav\u00eda tengo razones en defensa de Dios. Tomar\u00e9 mi saber desde lejos, Y atribuir\u00e9 justicia a mi [&hellip;]<\/p>\n","protected":false},"author":7,"featured_media":50395,"comment_status":"open","ping_status":"open","sticky":false,"template":"","format":"standard","meta":{"footnotes":""},"categories":[46,82],"tags":[],"class_list":["post-50394","post","type-post","status-publish","format-standard","has-post-thumbnail","hentry","category-dominicanos-en-madrid","category-opinion"],"_links":{"self":[{"href":"https:\/\/2horizontes.com\/index.php?rest_route=\/wp\/v2\/posts\/50394","targetHints":{"allow":["GET"]}}],"collection":[{"href":"https:\/\/2horizontes.com\/index.php?rest_route=\/wp\/v2\/posts"}],"about":[{"href":"https:\/\/2horizontes.com\/index.php?rest_route=\/wp\/v2\/types\/post"}],"author":[{"embeddable":true,"href":"https:\/\/2horizontes.com\/index.php?rest_route=\/wp\/v2\/users\/7"}],"replies":[{"embeddable":true,"href":"https:\/\/2horizontes.com\/index.php?rest_route=%2Fwp%2Fv2%2Fcomments&post=50394"}],"version-history":[{"count":1,"href":"https:\/\/2horizontes.com\/index.php?rest_route=\/wp\/v2\/posts\/50394\/revisions"}],"predecessor-version":[{"id":50396,"href":"https:\/\/2horizontes.com\/index.php?rest_route=\/wp\/v2\/posts\/50394\/revisions\/50396"}],"wp:featuredmedia":[{"embeddable":true,"href":"https:\/\/2horizontes.com\/index.php?rest_route=\/wp\/v2\/media\/50395"}],"wp:attachment":[{"href":"https:\/\/2horizontes.com\/index.php?rest_route=%2Fwp%2Fv2%2Fmedia&parent=50394"}],"wp:term":[{"taxonomy":"category","embeddable":true,"href":"https:\/\/2horizontes.com\/index.php?rest_route=%2Fwp%2Fv2%2Fcategories&post=50394"},{"taxonomy":"post_tag","embeddable":true,"href":"https:\/\/2horizontes.com\/index.php?rest_route=%2Fwp%2Fv2%2Ftags&post=50394"}],"curies":[{"name":"wp","href":"https:\/\/api.w.org\/{rel}","templated":true}]}}