{"id":50354,"date":"2016-05-17T01:01:56","date_gmt":"2016-05-17T00:01:56","guid":{"rendered":"http:\/\/2horizontes.com\/?p=50354"},"modified":"2016-05-17T01:01:56","modified_gmt":"2016-05-17T00:01:56","slug":"danilodespues-que-terminemos-que-nadie-se-atreva-a-cambiar-las-politicas-publicas","status":"publish","type":"post","link":"https:\/\/2horizontes.com\/?p=50354","title":{"rendered":"Danilo:\u201cDespu\u00e9s que terminemos que nadie se atreva a cambiar las pol\u00edticas p\u00fablicas\u201d"},"content":{"rendered":"<div class=\"detalle-texto\">\n<div class=\"text\">\n<p>SANTO DOMINGO. El presidente Danilo Medina declar\u00f3 este lunes durante la celebraci\u00f3n de lo que parece ser un triunfo arrollador en primera vuelta, que est\u00e1 realizando una obra de gobierno para \u201cque despu\u00e9s que terminemos, nadie se atreva a variar las pol\u00edticas p\u00fablicas que estamos poniendo en marcha\u201d.<\/p>\n<p>Medina, en el cuarto bolet\u00edn de la Junta Central Electoral, encabeza la preferencia electoral con 61.96%.<\/p>\n<p>Medina, quien comenz\u00f3 su discurso de celebraci\u00f3n, agradeciendo a Dios y \u201ca quienes me votaron a y a quienes no votaron\u201d, declar\u00f3 que la raz\u00f3n del \u201ctriunfo del PLD se debe a que el partido encarna las ideas de cambio\u201d por lo que fue reelegido por el pueblo dominicano.<\/p>\n<p>Dijo que en este proceso ha aprendido a no guardar odio, porque cuando comenz\u00f3 a gobernar hace cuatro a\u00f1os inici\u00f3 las visitas sorpresas por \u201clas 14 provincias que no votaron por nosotros. Y en este proceso nos dijeron s\u00ed, a Danilo Medina. Las 32 provincias apoyaron el proyecto del pa\u00eds\u201d.<\/p>\n<p>Sobre el triunfo, manifest\u00f3: \u201cHemos recibido el apoyo de la mayor\u00eda, lo que significa que el pueblo recibi\u00f3 el programa de conquistas p\u00fablicas que se estaba llevando a cabo desde la Presidencia. Y se est\u00e1 apoyando que el pa\u00eds siga el rumbo que se trazando desde el a\u00f1o 2012\u201d.<\/p>\n<p>En cuanto al debate declar\u00f3: \u201cMucha gente cree que porque no fui al debate porque me sent\u00eda superior, no fui, porque ten\u00eda m\u00e1s de un 60% de aprobaci\u00f3n. Para qu\u00e9 sirven los debates, para confrontar ideas y convencer a los indecisos, para que quer\u00eda yo m\u00e1s del 60%\u201d.<\/p>\n<p><b>Al Comit\u00e9 Pol\u00edtico<\/b><\/p>\n<p>En un momento del discurso dirigi\u00f3 unas palabras a los miembros del Comit\u00e9 Pol\u00edtico del Partido de la Liberaci\u00f3n Dominicano (PLD). \u201cCompa\u00f1eros del Comit\u00e9 Pol\u00edtico tomen nota. No le pueden fallar a un pueblo, que nos ha elegidos para ser los guardianes y centinelas de los m\u00e1s humildes de la Rep\u00fablica Dominicana\u201d.<\/p>\n<p>Continu\u00f3: \u201cYo dije que lo \u00fanico que un hombre quiere al llegar a la Presidencia de la Rep\u00fablica es el servicio a los que menos tienen. Nada justifica la actividad pol\u00edtica si no se usa para servir\u201d.<\/p>\n<p><b>Elegidos<\/b><\/p>\n<p>Medina tendi\u00f3 un ramo de olivo a los senadores y alcaldes elegidos, \u201cpara que trabajemos juntos\u201d.<\/p>\n<\/div>\n<\/div>\n","protected":false},"excerpt":{"rendered":"<p>SANTO DOMINGO. El presidente Danilo Medina declar\u00f3 este lunes durante la celebraci\u00f3n de lo que parece ser un triunfo arrollador en primera vuelta, que est\u00e1 realizando una obra de gobierno para \u201cque despu\u00e9s que terminemos, nadie se atreva a variar las pol\u00edticas p\u00fablicas que estamos poniendo en marcha\u201d. Medina, en el cuarto bolet\u00edn de la [&hellip;]<\/p>\n","protected":false},"author":13240,"featured_media":50358,"comment_status":"open","ping_status":"open","sticky":false,"template":"","format":"standard","meta":{"footnotes":""},"categories":[43,44],"tags":[],"class_list":["post-50354","post","type-post","status-publish","format-standard","has-post-thumbnail","hentry","category-politica","category-republica-dominicana"],"_links":{"self":[{"href":"https:\/\/2horizontes.com\/index.php?rest_route=\/wp\/v2\/posts\/50354","targetHints":{"allow":["GET"]}}],"collection":[{"href":"https:\/\/2horizontes.com\/index.php?rest_route=\/wp\/v2\/posts"}],"about":[{"href":"https:\/\/2horizontes.com\/index.php?rest_route=\/wp\/v2\/types\/post"}],"author":[{"embeddable":true,"href":"https:\/\/2horizontes.com\/index.php?rest_route=\/wp\/v2\/users\/13240"}],"replies":[{"embeddable":true,"href":"https:\/\/2horizontes.com\/index.php?rest_route=%2Fwp%2Fv2%2Fcomments&post=50354"}],"version-history":[{"count":1,"href":"https:\/\/2horizontes.com\/index.php?rest_route=\/wp\/v2\/posts\/50354\/revisions"}],"predecessor-version":[{"id":50360,"href":"https:\/\/2horizontes.com\/index.php?rest_route=\/wp\/v2\/posts\/50354\/revisions\/50360"}],"wp:featuredmedia":[{"embeddable":true,"href":"https:\/\/2horizontes.com\/index.php?rest_route=\/wp\/v2\/media\/50358"}],"wp:attachment":[{"href":"https:\/\/2horizontes.com\/index.php?rest_route=%2Fwp%2Fv2%2Fmedia&parent=50354"}],"wp:term":[{"taxonomy":"category","embeddable":true,"href":"https:\/\/2horizontes.com\/index.php?rest_route=%2Fwp%2Fv2%2Fcategories&post=50354"},{"taxonomy":"post_tag","embeddable":true,"href":"https:\/\/2horizontes.com\/index.php?rest_route=%2Fwp%2Fv2%2Ftags&post=50354"}],"curies":[{"name":"wp","href":"https:\/\/api.w.org\/{rel}","templated":true}]}}