{"id":50325,"date":"2016-05-16T14:43:16","date_gmt":"2016-05-16T13:43:16","guid":{"rendered":"http:\/\/2horizontes.com\/?p=50325"},"modified":"2016-05-16T14:46:09","modified_gmt":"2016-05-16T13:46:09","slug":"decomisan-en-colombia-el-mayor-cargamento-de-cocaina-de-la-historia","status":"publish","type":"post","link":"https:\/\/2horizontes.com\/?p=50325","title":{"rendered":"Decomisan en Colombia el mayor cargamento de coca\u00edna de la historia"},"content":{"rendered":"<p><strong>Colombia<\/strong><\/p>\n<p><strong>(CNN Espa\u00f1ol) &#8211;<\/strong> La polic\u00eda colombiana incaut\u00f3 unas\u00a0ocho toneladas de coca\u00edna, el mayor decomiso de la droga seg\u00fan el presidente Juan Manuel Santos.<\/p>\n<div class=\"embed-twitter\">\n<div class=\"SandboxRoot env-bp-350\">\n<div class=\"resize-sensor\">\u00a0El decomiso se produjo en Turba, Antioquia, a donde se traslad\u00f3 el ministro de Defensa, Luis Carlos Villegas Echeverri, para presentarle al pa\u00eds el hist\u00f3rico hallazgo.<\/div>\n<\/div>\n<\/div>\n<p>La droga fue incautada al grupo criminal \u00abClan \u00dasuga\u00bb. La polic\u00eda inform\u00f3 de que la droga estaba escondida en una finca bananera, en un dep\u00f3sito bajo tierra de 6,5 metros de largo y una profundidad de 2,5 metros.<\/p>\n<p>El alijo -que tras un conteo preliminar se estableci\u00f3 que podr\u00eda superar las ocho toneladas- estaba listo para ser enviado por el mar Caribe hacia Centroam\u00e9rica y, de ah\u00ed, al mercado de Estados Unidos.<\/p>\n<p>En la operaci\u00f3n policial fueron capturadas tres personas, a las cuales se les investigan sus antecedentes criminales.<\/p>\n<p>&nbsp;<\/p>\n","protected":false},"excerpt":{"rendered":"<p>Colombia (CNN Espa\u00f1ol) &#8211; La polic\u00eda colombiana incaut\u00f3 unas\u00a0ocho toneladas de coca\u00edna, el mayor decomiso de la droga seg\u00fan el presidente Juan Manuel Santos. \u00a0El decomiso se produjo en Turba, Antioquia, a donde se traslad\u00f3 el ministro de Defensa, Luis Carlos Villegas Echeverri, para presentarle al pa\u00eds el hist\u00f3rico hallazgo. La droga fue incautada al [&hellip;]<\/p>\n","protected":false},"author":7,"featured_media":50328,"comment_status":"open","ping_status":"open","sticky":false,"template":"","format":"standard","meta":{"footnotes":""},"categories":[50,40],"tags":[],"class_list":["post-50325","post","type-post","status-publish","format-standard","has-post-thumbnail","hentry","category-colombia","category-internacionales"],"_links":{"self":[{"href":"https:\/\/2horizontes.com\/index.php?rest_route=\/wp\/v2\/posts\/50325","targetHints":{"allow":["GET"]}}],"collection":[{"href":"https:\/\/2horizontes.com\/index.php?rest_route=\/wp\/v2\/posts"}],"about":[{"href":"https:\/\/2horizontes.com\/index.php?rest_route=\/wp\/v2\/types\/post"}],"author":[{"embeddable":true,"href":"https:\/\/2horizontes.com\/index.php?rest_route=\/wp\/v2\/users\/7"}],"replies":[{"embeddable":true,"href":"https:\/\/2horizontes.com\/index.php?rest_route=%2Fwp%2Fv2%2Fcomments&post=50325"}],"version-history":[{"count":2,"href":"https:\/\/2horizontes.com\/index.php?rest_route=\/wp\/v2\/posts\/50325\/revisions"}],"predecessor-version":[{"id":50330,"href":"https:\/\/2horizontes.com\/index.php?rest_route=\/wp\/v2\/posts\/50325\/revisions\/50330"}],"wp:featuredmedia":[{"embeddable":true,"href":"https:\/\/2horizontes.com\/index.php?rest_route=\/wp\/v2\/media\/50328"}],"wp:attachment":[{"href":"https:\/\/2horizontes.com\/index.php?rest_route=%2Fwp%2Fv2%2Fmedia&parent=50325"}],"wp:term":[{"taxonomy":"category","embeddable":true,"href":"https:\/\/2horizontes.com\/index.php?rest_route=%2Fwp%2Fv2%2Fcategories&post=50325"},{"taxonomy":"post_tag","embeddable":true,"href":"https:\/\/2horizontes.com\/index.php?rest_route=%2Fwp%2Fv2%2Ftags&post=50325"}],"curies":[{"name":"wp","href":"https:\/\/api.w.org\/{rel}","templated":true}]}}