{"id":50322,"date":"2016-05-16T14:41:56","date_gmt":"2016-05-16T13:41:56","guid":{"rendered":"http:\/\/2horizontes.com\/?p=50322"},"modified":"2016-05-16T14:41:56","modified_gmt":"2016-05-16T13:41:56","slug":"54-000-personas-mueren-cada-ano-en-espana-sin-recibir-cuidados-paliativos","status":"publish","type":"post","link":"https:\/\/2horizontes.com\/?p=50322","title":{"rendered":"54.000 personas mueren cada a\u00f1o en Espa\u00f1a sin recibir cuidados paliativos"},"content":{"rendered":"<p>Casi 54.000 personas mueren cada a\u00f1o en Espa\u00f1a sin recibir los cuidados adecuados en su fase terminal, ha denunciado la Sociedad Espa\u00f1ola de Cuidados Paliativos (Secpal) en el congreso internacional que se est\u00e1 celebrando en Sevilla al que EL PA\u00cdS ha acudido como ponente.<\/p>\n<p>En su nuevo directorio presentado hoy, se afirma que los sistemas sanitarios solo cuentan con 284 \u00abrecursos asistenciales espec\u00edficos de cuidados paliativos\u00bb, de los que 94 \u00abno cumplen todos los requisitos exigidos por la clasificaci\u00f3n de Secpal\u00bb para ser considerada una unidad completa de paliativos.<\/p>\n<p>Solo nueve son pedi\u00e1tricos y de estos solo tres se pueden considerar equipos\u00bb, recoge el nuevo directorio de la sociedad.<\/p>\n<p>Aparte de los datos, lo preocupante es que la situaci\u00f3n no mejora, y ello pese a que hace ya 10 a\u00f1os que se aprob\u00f3 la Estrategia Nacional de Cuidados Paliativos, como manifest\u00f3 durante la inauguraci\u00f3n del congreso Paloma Casado, subdirectora general de Calidad del Ministerio de Sanidad.<\/p>\n<p>En 2009 el entonces presidente de Secpal, Javier Rocafort, alertaba: \u00ab200.000 personas sufren cada a\u00f1o una enfermedad terminal en Espa\u00f1a. Y no todas reciben la misma atenci\u00f3n. Solo hay 400 unidades especializadas en cuidados paliativos, y est\u00e1n muy mal repartidas.<\/p>\n<p>Ayer, en Sevilla la presidenta de la Asociaci\u00f3n Espa\u00f1ola Contra el C\u00e1ncer, Isabel Oriol, que recibi\u00f3 un premio del congreso, repiti\u00f3 su denuncia: no hay igualdad en el acceso a estos recursos.<\/p>\n<p>Esas 200.000 personas son ya 300.000, seg\u00fan los c\u00e1lculos que dio \u00c1lvaro G\u00e1ndara, actual presidente de la sociedad. Pero Xavier G\u00f3mez-Batiste, otro especialista del \u00e1rea y director del Observatorio Qualy para la promoci\u00f3n de la atenci\u00f3n paliativa, aumenta esa cifra hasta una horquilla que va del 1,2% al 1,5% de la poblaci\u00f3n, lo que eleva el n\u00famero de personas que necesitan estos cuidados hasta el medio mill\u00f3n.<\/p>\n<p>Ello se debe a que no solo los enfermos terminales requieren de estas unidades. Muchas personas con varias dolencias cr\u00f3nicas tambi\u00e9n se beneficiar\u00edan con estos servicios. De hecho, si actualmente se considera que una de cada tres personas que recibe paliativos tiene c\u00e1ncer (estos servicios se dise\u00f1aron inicialmente para pacientes oncol\u00f3gicos), en el c\u00e1lculo de G\u00f3mez-Batiste la proporci\u00f3n de personas con tumores es de uno a siete, lo que indica que son muchos m\u00e1s los que podr\u00edan beneficiarse de estas atenciones, si las conocieran y las tuvieran disponibles.<\/p>\n<p>El repaso de los cuidados al final de la vida de la Secpal destaca m\u00e1s d\u00e9ficits. Por ejemplo, solo 14 unidades est\u00e1n completas (m\u00e9dico, enfermer\u00eda, psic\u00f3logo y trabajador social), y hay 114 b\u00e1sicas (solo personal m\u00e9dico y de enfermer\u00eda). En muchas, los trabajadores est\u00e1n a tiempo parcial (por ejemplo, uno de cada cuatro m\u00e9dicos). En el entorno sociosanitario, como las residencias, donde el 30% de las personas pasan sus \u00faltimos meses de vida, menos de la mitad ofrecen este servicio.<\/p>\n<p>Por autonom\u00edas, la distribuci\u00f3n de recursos asistenciales registrados es la siguiente: Catalu\u00f1a (60), Madrid (39), Andaluc\u00eda (35), Valencia (34), Pa\u00eds Vasco (20), Castilla y Le\u00f3n (16), Galicia (10), Asturias y Castilla-La Mancha (9), Arag\u00f3n, Extremadura e Islas Baleares (8), Canarias y Cantabria (5), Murcia y Navarra (3), La Rioja, Ceuta y Melilla (1).<\/p>\n<p>Aparte de la cantidad de unidades, la formaci\u00f3n de los trabajadores tampoco es la adecuada. La m\u00e9dico Mar Besc\u00f3s, presente en el congreso, se\u00f1ala en Twitter: \u00abDe los 800 paliativistas que estamos en Sevilla, ninguno tiene la misma formaci\u00f3n b\u00e1sica. No hay un m\u00ednimo de formaci\u00f3n en cuidados paliativos. La atenci\u00f3n depende de la autoformaci\u00f3n de cada uno\u00bb.<\/p>\n","protected":false},"excerpt":{"rendered":"<p>Casi 54.000 personas mueren cada a\u00f1o en Espa\u00f1a sin recibir los cuidados adecuados en su fase terminal, ha denunciado la Sociedad Espa\u00f1ola de Cuidados Paliativos (Secpal) en el congreso internacional que se est\u00e1 celebrando en Sevilla al que EL PA\u00cdS ha acudido como ponente. En su nuevo directorio presentado hoy, se afirma que los sistemas [&hellip;]<\/p>\n","protected":false},"author":3,"featured_media":50326,"comment_status":"open","ping_status":"open","sticky":false,"template":"","format":"standard","meta":{"footnotes":""},"categories":[85],"tags":[],"class_list":["post-50322","post","type-post","status-publish","format-standard","has-post-thumbnail","hentry","category-espana"],"_links":{"self":[{"href":"https:\/\/2horizontes.com\/index.php?rest_route=\/wp\/v2\/posts\/50322","targetHints":{"allow":["GET"]}}],"collection":[{"href":"https:\/\/2horizontes.com\/index.php?rest_route=\/wp\/v2\/posts"}],"about":[{"href":"https:\/\/2horizontes.com\/index.php?rest_route=\/wp\/v2\/types\/post"}],"author":[{"embeddable":true,"href":"https:\/\/2horizontes.com\/index.php?rest_route=\/wp\/v2\/users\/3"}],"replies":[{"embeddable":true,"href":"https:\/\/2horizontes.com\/index.php?rest_route=%2Fwp%2Fv2%2Fcomments&post=50322"}],"version-history":[{"count":1,"href":"https:\/\/2horizontes.com\/index.php?rest_route=\/wp\/v2\/posts\/50322\/revisions"}],"predecessor-version":[{"id":50327,"href":"https:\/\/2horizontes.com\/index.php?rest_route=\/wp\/v2\/posts\/50322\/revisions\/50327"}],"wp:featuredmedia":[{"embeddable":true,"href":"https:\/\/2horizontes.com\/index.php?rest_route=\/wp\/v2\/media\/50326"}],"wp:attachment":[{"href":"https:\/\/2horizontes.com\/index.php?rest_route=%2Fwp%2Fv2%2Fmedia&parent=50322"}],"wp:term":[{"taxonomy":"category","embeddable":true,"href":"https:\/\/2horizontes.com\/index.php?rest_route=%2Fwp%2Fv2%2Fcategories&post=50322"},{"taxonomy":"post_tag","embeddable":true,"href":"https:\/\/2horizontes.com\/index.php?rest_route=%2Fwp%2Fv2%2Ftags&post=50322"}],"curies":[{"name":"wp","href":"https:\/\/api.w.org\/{rel}","templated":true}]}}