{"id":5028,"date":"2015-04-13T19:09:27","date_gmt":"2015-04-13T19:09:27","guid":{"rendered":"http:\/\/2horizontes.com\/?p=5028"},"modified":"2015-04-13T19:09:27","modified_gmt":"2015-04-13T19:09:27","slug":"medico-legista-confirma-que-el-periodista-blas-olivo-recibio-cuatro-disparo-que-le-causo-la-muerte","status":"publish","type":"post","link":"https:\/\/2horizontes.com\/?p=5028","title":{"rendered":"M\u00e9dico legista confirma que el periodista Blas Olivo recibi\u00f3 cuatro disparo que le causo la muerte"},"content":{"rendered":"<p>El m\u00e9dico legista que levant\u00f3 el cad\u00e1ver del periodista Blas Olivo confirm\u00f3 que el comunicador fue asesinado de cuatro balazos, dos en el t\u00f3rax y dos en el abdomen.<\/p>\n<p>El cuerpo fue encontrado tirado en una finca en el kil\u00f3metro 64 de la Autopista Duarte, en Piedra Blanca. All\u00ed, pasado el mediod\u00eda, la Polic\u00eda hace las investigaciones de lugar y se viven escenas de dolor,\u00a0 familiares, amigos y colegas de Olivo lamentan su muerte.<\/p>\n<p>El general Mancebo de la Polic\u00eda est\u00e1 a cargo de las investigaciones.\u00a0 Olivo es hermano del reconocido m\u00e9dico William Olivo.<\/p>\n<p>Se inform\u00f3 que el comunicador estaba ayer en una actividad familiar en Bonao, a prop\u00f3sito de que su madre cumpl\u00eda cinco a\u00f1os de muerta, pero que tuvo que ir a Santo Domingo a cumplir con un compromiso, con la promesa de retornar a buscar a sus familiares y no regres\u00f3.<\/p>\n<p>Desde anoche fue reportado como desaparecido y hoy su veh\u00edculo fue hallado chocado en pr\u00f3ximo a la comunidad de Palero y el cad\u00e1ver en Piedra Blanca.<\/p>\n<p>Al exdirector de e Prensa de la Junta Agropempresarial Dominicana (JAD), le sobreviven su esposa e hijos.<\/p>\n","protected":false},"excerpt":{"rendered":"<p>El m\u00e9dico legista que levant\u00f3 el cad\u00e1ver del periodista Blas Olivo confirm\u00f3 que el comunicador fue asesinado de cuatro balazos, dos en el t\u00f3rax y dos en el abdomen. El cuerpo fue encontrado tirado en una finca en el kil\u00f3metro 64 de la Autopista Duarte, en Piedra Blanca. All\u00ed, pasado el mediod\u00eda, la Polic\u00eda hace [&hellip;]<\/p>\n","protected":false},"author":4,"featured_media":5029,"comment_status":"open","ping_status":"open","sticky":false,"template":"","format":"standard","meta":{"footnotes":""},"categories":[44],"tags":[],"class_list":["post-5028","post","type-post","status-publish","format-standard","has-post-thumbnail","hentry","category-republica-dominicana"],"_links":{"self":[{"href":"https:\/\/2horizontes.com\/index.php?rest_route=\/wp\/v2\/posts\/5028","targetHints":{"allow":["GET"]}}],"collection":[{"href":"https:\/\/2horizontes.com\/index.php?rest_route=\/wp\/v2\/posts"}],"about":[{"href":"https:\/\/2horizontes.com\/index.php?rest_route=\/wp\/v2\/types\/post"}],"author":[{"embeddable":true,"href":"https:\/\/2horizontes.com\/index.php?rest_route=\/wp\/v2\/users\/4"}],"replies":[{"embeddable":true,"href":"https:\/\/2horizontes.com\/index.php?rest_route=%2Fwp%2Fv2%2Fcomments&post=5028"}],"version-history":[{"count":1,"href":"https:\/\/2horizontes.com\/index.php?rest_route=\/wp\/v2\/posts\/5028\/revisions"}],"predecessor-version":[{"id":5030,"href":"https:\/\/2horizontes.com\/index.php?rest_route=\/wp\/v2\/posts\/5028\/revisions\/5030"}],"wp:featuredmedia":[{"embeddable":true,"href":"https:\/\/2horizontes.com\/index.php?rest_route=\/wp\/v2\/media\/5029"}],"wp:attachment":[{"href":"https:\/\/2horizontes.com\/index.php?rest_route=%2Fwp%2Fv2%2Fmedia&parent=5028"}],"wp:term":[{"taxonomy":"category","embeddable":true,"href":"https:\/\/2horizontes.com\/index.php?rest_route=%2Fwp%2Fv2%2Fcategories&post=5028"},{"taxonomy":"post_tag","embeddable":true,"href":"https:\/\/2horizontes.com\/index.php?rest_route=%2Fwp%2Fv2%2Ftags&post=5028"}],"curies":[{"name":"wp","href":"https:\/\/api.w.org\/{rel}","templated":true}]}}