{"id":50202,"date":"2016-05-15T11:31:25","date_gmt":"2016-05-15T10:31:25","guid":{"rendered":"http:\/\/2horizontes.com\/?p=50202"},"modified":"2016-05-15T11:31:25","modified_gmt":"2016-05-15T10:31:25","slug":"maduro-decreta-estado-de-excepcion-y-extiende-la-emergencia-economica-en-venezuela","status":"publish","type":"post","link":"https:\/\/2horizontes.com\/?p=50202","title":{"rendered":"Maduro decreta estado de excepci\u00f3n y extiende la emergencia econ\u00f3mica en Venezuela"},"content":{"rendered":"<p><strong>Venezuela<\/strong><\/p>\n<p><strong>(CNN Espa\u00f1ol) \u2013<\/strong> El presidente de Venezuela,\u00a0Nicol\u00e1s Maduro, decret\u00f3 el viernes el estado de excepci\u00f3n y de emergencia econ\u00f3mica en el pa\u00eds.<\/p>\n<p>La medida estar\u00e1 vigente al menos por 60 d\u00edas, a fin de continuar garantizando la protecci\u00f3n al pueblo venezolano en la lucha contra la guerra econ\u00f3mica, argument\u00f3 el gobierno.<span id=\"more-285439\"><\/span><\/p>\n<div class=\"ym-wrapper\">\u201cCon el poder que me da la Constituci\u00f3n como Jefe de Estado de la Rep\u00fablica Bolivariana de Venezuela firmo un nuevo decreto m\u00e1s completo, m\u00e1s integral de protecci\u00f3n a nuestro pueblo, de garant\u00eda de paz y de estabilidad que nos permita durante este mes de mayo, junio, julio y toda la extensi\u00f3n que vamos a hacer en todo el a\u00f1o 2016 y seguramente 2017 para recuperar la capacidad productiva del pa\u00eds\u201d, dijo Maduro.<\/div>\n<p>El mandatario reiter\u00f3 su denuncia de una supuesta agresi\u00f3n externa contra Venezuela.<\/p>\n","protected":false},"excerpt":{"rendered":"<p>Venezuela (CNN Espa\u00f1ol) \u2013 El presidente de Venezuela,\u00a0Nicol\u00e1s Maduro, decret\u00f3 el viernes el estado de excepci\u00f3n y de emergencia econ\u00f3mica en el pa\u00eds. La medida estar\u00e1 vigente al menos por 60 d\u00edas, a fin de continuar garantizando la protecci\u00f3n al pueblo venezolano en la lucha contra la guerra econ\u00f3mica, argument\u00f3 el gobierno. \u201cCon el poder [&hellip;]<\/p>\n","protected":false},"author":7,"featured_media":50203,"comment_status":"open","ping_status":"open","sticky":false,"template":"","format":"standard","meta":{"footnotes":""},"categories":[63,40,48],"tags":[],"class_list":["post-50202","post","type-post","status-publish","format-standard","has-post-thumbnail","hentry","category-economia","category-internacionales","category-venezuela"],"_links":{"self":[{"href":"https:\/\/2horizontes.com\/index.php?rest_route=\/wp\/v2\/posts\/50202","targetHints":{"allow":["GET"]}}],"collection":[{"href":"https:\/\/2horizontes.com\/index.php?rest_route=\/wp\/v2\/posts"}],"about":[{"href":"https:\/\/2horizontes.com\/index.php?rest_route=\/wp\/v2\/types\/post"}],"author":[{"embeddable":true,"href":"https:\/\/2horizontes.com\/index.php?rest_route=\/wp\/v2\/users\/7"}],"replies":[{"embeddable":true,"href":"https:\/\/2horizontes.com\/index.php?rest_route=%2Fwp%2Fv2%2Fcomments&post=50202"}],"version-history":[{"count":1,"href":"https:\/\/2horizontes.com\/index.php?rest_route=\/wp\/v2\/posts\/50202\/revisions"}],"predecessor-version":[{"id":50204,"href":"https:\/\/2horizontes.com\/index.php?rest_route=\/wp\/v2\/posts\/50202\/revisions\/50204"}],"wp:featuredmedia":[{"embeddable":true,"href":"https:\/\/2horizontes.com\/index.php?rest_route=\/wp\/v2\/media\/50203"}],"wp:attachment":[{"href":"https:\/\/2horizontes.com\/index.php?rest_route=%2Fwp%2Fv2%2Fmedia&parent=50202"}],"wp:term":[{"taxonomy":"category","embeddable":true,"href":"https:\/\/2horizontes.com\/index.php?rest_route=%2Fwp%2Fv2%2Fcategories&post=50202"},{"taxonomy":"post_tag","embeddable":true,"href":"https:\/\/2horizontes.com\/index.php?rest_route=%2Fwp%2Fv2%2Ftags&post=50202"}],"curies":[{"name":"wp","href":"https:\/\/api.w.org\/{rel}","templated":true}]}}