{"id":50173,"date":"2016-05-15T10:44:51","date_gmt":"2016-05-15T09:44:51","guid":{"rendered":"http:\/\/2horizontes.com\/?p=50173"},"modified":"2016-05-15T10:44:51","modified_gmt":"2016-05-15T09:44:51","slug":"prohibido-el-uso-de-celulares-armas-y-camaras-en-centros-de-votacion-dominicano","status":"publish","type":"post","link":"https:\/\/2horizontes.com\/?p=50173","title":{"rendered":"Prohibido el uso de celulares, armas y c\u00e1maras en centros de votaci\u00f3n dominicano"},"content":{"rendered":"<p>SANTO DOMINGO.- En las elecciones de este domingo no se usar\u00e1 tinta indeleble, no se firmar\u00e1 acta ni se podr\u00e1 entrar a los centros de votaci\u00f3n con aparatos electr\u00f3nicos (celulares, c\u00e1maras fotogr\u00e1ficas o de videos, grabadoras, computadoras port\u00e1tiles, etc.),\u00a0seg\u00fan una resoluci\u00f3n aprobada por el Pleno de la Junta Central Electoral (JCE).<\/p>\n<p>Dentro de los 16 mil 67 colegios electorales tambi\u00e9n est\u00e1 prohibido el uso de carteras, bultos, bolsos y armas, con la excepci\u00f3n de miembros de la Polic\u00eda Militar Electoral debidamente identificados y personas autorizadas por ley para ello.<\/p>\n<p>\u201cEn ning\u00fan caso, \u00e9stos militares o polic\u00edas podr\u00e1n hacer manipulaciones de sus armas de reglamento, salvo el caso de extrema necesidad\u201d, explica la resoluci\u00f3n, \u00a0avalada en el art\u00edculo 208 de la Constituci\u00f3n.<\/p>\n","protected":false},"excerpt":{"rendered":"<p>SANTO DOMINGO.- En las elecciones de este domingo no se usar\u00e1 tinta indeleble, no se firmar\u00e1 acta ni se podr\u00e1 entrar a los centros de votaci\u00f3n con aparatos electr\u00f3nicos (celulares, c\u00e1maras fotogr\u00e1ficas o de videos, grabadoras, computadoras port\u00e1tiles, etc.),\u00a0seg\u00fan una resoluci\u00f3n aprobada por el Pleno de la Junta Central Electoral (JCE). Dentro de los 16 [&hellip;]<\/p>\n","protected":false},"author":4,"featured_media":50174,"comment_status":"open","ping_status":"open","sticky":false,"template":"","format":"standard","meta":{"footnotes":""},"categories":[43,44],"tags":[],"class_list":["post-50173","post","type-post","status-publish","format-standard","has-post-thumbnail","hentry","category-politica","category-republica-dominicana"],"_links":{"self":[{"href":"https:\/\/2horizontes.com\/index.php?rest_route=\/wp\/v2\/posts\/50173","targetHints":{"allow":["GET"]}}],"collection":[{"href":"https:\/\/2horizontes.com\/index.php?rest_route=\/wp\/v2\/posts"}],"about":[{"href":"https:\/\/2horizontes.com\/index.php?rest_route=\/wp\/v2\/types\/post"}],"author":[{"embeddable":true,"href":"https:\/\/2horizontes.com\/index.php?rest_route=\/wp\/v2\/users\/4"}],"replies":[{"embeddable":true,"href":"https:\/\/2horizontes.com\/index.php?rest_route=%2Fwp%2Fv2%2Fcomments&post=50173"}],"version-history":[{"count":1,"href":"https:\/\/2horizontes.com\/index.php?rest_route=\/wp\/v2\/posts\/50173\/revisions"}],"predecessor-version":[{"id":50175,"href":"https:\/\/2horizontes.com\/index.php?rest_route=\/wp\/v2\/posts\/50173\/revisions\/50175"}],"wp:featuredmedia":[{"embeddable":true,"href":"https:\/\/2horizontes.com\/index.php?rest_route=\/wp\/v2\/media\/50174"}],"wp:attachment":[{"href":"https:\/\/2horizontes.com\/index.php?rest_route=%2Fwp%2Fv2%2Fmedia&parent=50173"}],"wp:term":[{"taxonomy":"category","embeddable":true,"href":"https:\/\/2horizontes.com\/index.php?rest_route=%2Fwp%2Fv2%2Fcategories&post=50173"},{"taxonomy":"post_tag","embeddable":true,"href":"https:\/\/2horizontes.com\/index.php?rest_route=%2Fwp%2Fv2%2Ftags&post=50173"}],"curies":[{"name":"wp","href":"https:\/\/api.w.org\/{rel}","templated":true}]}}