{"id":50164,"date":"2016-05-15T09:41:33","date_gmt":"2016-05-15T08:41:33","guid":{"rendered":"http:\/\/2horizontes.com\/?p=50164"},"modified":"2016-05-15T09:41:33","modified_gmt":"2016-05-15T08:41:33","slug":"danilo-tenian-razon-quienes-exigian-el-conteo-manual-de-votos","status":"publish","type":"post","link":"https:\/\/2horizontes.com\/?p=50164","title":{"rendered":"Danilo: Ten\u00edan raz\u00f3n quienes exig\u00edan el conteo manual de votos"},"content":{"rendered":"<p>SANTO DOMINGO.- El presidente Danilo Medina declar\u00f3 este s\u00e1bado que aunque le da igual que los votos de las elecciones sean contados en forma manual o electr\u00f3nica, entiende que quienes exig\u00edan el \u201cconteo manual\u201d ten\u00edan raz\u00f3n porque \u201cuna cultura\u201d que al respecto exist\u00eda en la Rep\u00fablica Dominicana, no debe cambiarse \u201cde la noche a la ma\u00f1ana\u201d.<\/p>\n<p>Medina habl\u00f3 mientras respond\u00eda preguntas en el hotel Dominican Fiesta, durante un encuentro con personalidades extranjeras que han venido a observar el proceso electoral.<\/p>\n<p>Manifest\u00f3 que es bueno que haya este conteo manual a fin de que se produzca una especie de \u201ctransici\u00f3n\u201d hasta que finalmente la sociedad acepte una tecnolog\u00eda totalmente electr\u00f3nica.<\/p>\n<p>Medina se mostr\u00f3 tambi\u00e9n partidario de que sea modificada la Ley Electoral vigente en la Republica Dominicana, de forma tal que los partidos emergentes no sean marginados.<\/p>\n<p>Reiter\u00f3 su pedido de que la gente vaya temprano a votar y dijo esperar que la campa\u00f1a electoral culmine como hasta ahora, en forma tranquila y civilizada, lo cual \u2013a su juicio- est\u00e1 ahora \u201cen manos de Dios y del pueblo dominicano\u201d.<\/p>\n<p>Con esta participaci\u00f3n del candidato presidencial del PLD se iniciaron las reuniones, por separado, de los aspirantes a la primera magistratura con los invitados y observadores internacionales,\u00a0 organizadas por la Junta Central Electoral (JCE) en su \u00a0Centro de Divulgaci\u00f3n Electoral, en el Hotel Dominican Fiesta.<\/p>\n<p>El presidente Medina lleg\u00f3 a las 9:30, como estaba contemplado en el programa oficial.<\/p>\n<p>Para las elecciones generales de ma\u00f1ana, seis millones 765 mil 134 dominicanos est\u00e1n habilitados para escoger 4,106 puestos p\u00fablicos.<\/p>\n<p>El programa oficial indica que el segundo de los candidatos\u00a0 que se reunir\u00eda con los observadores internacionales es Luis Abinader, del Partido Revolucionario Moderno\u00a0 (PRM) y\u00a0 aliados. Luego sequir\u00edan Hatuey Decamps, del Revolucionario Social Dem\u00f3crata (PRSD); Pelegr\u00edn Castrillo, de la Fuerza Nacional Progresista (FNP); Soraya Aquino, Partido de Unidad Nacional (PUN); Minou Tavares Mirabal, Alianza por la Democracia (APD) y Guillermo Moreno.<\/p>\n","protected":false},"excerpt":{"rendered":"<p>SANTO DOMINGO.- El presidente Danilo Medina declar\u00f3 este s\u00e1bado que aunque le da igual que los votos de las elecciones sean contados en forma manual o electr\u00f3nica, entiende que quienes exig\u00edan el \u201cconteo manual\u201d ten\u00edan raz\u00f3n porque \u201cuna cultura\u201d que al respecto exist\u00eda en la Rep\u00fablica Dominicana, no debe cambiarse \u201cde la noche a la [&hellip;]<\/p>\n","protected":false},"author":1,"featured_media":50165,"comment_status":"open","ping_status":"open","sticky":false,"template":"","format":"standard","meta":{"footnotes":""},"categories":[43,44],"tags":[],"class_list":["post-50164","post","type-post","status-publish","format-standard","has-post-thumbnail","hentry","category-politica","category-republica-dominicana"],"_links":{"self":[{"href":"https:\/\/2horizontes.com\/index.php?rest_route=\/wp\/v2\/posts\/50164","targetHints":{"allow":["GET"]}}],"collection":[{"href":"https:\/\/2horizontes.com\/index.php?rest_route=\/wp\/v2\/posts"}],"about":[{"href":"https:\/\/2horizontes.com\/index.php?rest_route=\/wp\/v2\/types\/post"}],"author":[{"embeddable":true,"href":"https:\/\/2horizontes.com\/index.php?rest_route=\/wp\/v2\/users\/1"}],"replies":[{"embeddable":true,"href":"https:\/\/2horizontes.com\/index.php?rest_route=%2Fwp%2Fv2%2Fcomments&post=50164"}],"version-history":[{"count":1,"href":"https:\/\/2horizontes.com\/index.php?rest_route=\/wp\/v2\/posts\/50164\/revisions"}],"predecessor-version":[{"id":50166,"href":"https:\/\/2horizontes.com\/index.php?rest_route=\/wp\/v2\/posts\/50164\/revisions\/50166"}],"wp:featuredmedia":[{"embeddable":true,"href":"https:\/\/2horizontes.com\/index.php?rest_route=\/wp\/v2\/media\/50165"}],"wp:attachment":[{"href":"https:\/\/2horizontes.com\/index.php?rest_route=%2Fwp%2Fv2%2Fmedia&parent=50164"}],"wp:term":[{"taxonomy":"category","embeddable":true,"href":"https:\/\/2horizontes.com\/index.php?rest_route=%2Fwp%2Fv2%2Fcategories&post=50164"},{"taxonomy":"post_tag","embeddable":true,"href":"https:\/\/2horizontes.com\/index.php?rest_route=%2Fwp%2Fv2%2Ftags&post=50164"}],"curies":[{"name":"wp","href":"https:\/\/api.w.org\/{rel}","templated":true}]}}