{"id":50152,"date":"2016-05-15T09:18:47","date_gmt":"2016-05-15T08:18:47","guid":{"rendered":"http:\/\/2horizontes.com\/?p=50152"},"modified":"2016-05-15T09:21:29","modified_gmt":"2016-05-15T08:21:29","slug":"en-europa-ya-estan-votando-en-suiza-falla-el-sistema-de-huellas-dactilares","status":"publish","type":"post","link":"https:\/\/2horizontes.com\/?p=50152","title":{"rendered":"Emigrantes Dominicanos salen a ejercer el voto en Europa"},"content":{"rendered":"<p>MADRID, Espa\u00f1a.- Muchos dominicanos residentes en Europa est\u00e1n votando desde la 1:00 la madrugada hora dominicana (8 am hora europea) pero en Suiza se han reportado problemas con el sistema de validaci\u00f3n de las huellas dactilares.<\/p>\n<p>Un gran entusiasmo reina entre los dominicanos residentes en Europa quienes, debido a la diferencia de horario, son los primeros en votar en las elecciones de este domingo, desde las 8 de la ma\u00f1ana a 8 de la noche.<\/p>\n<p>La mayor afluencia de votantes se nota en Madrid, Espa\u00f1a, donde los colegios electorales abrieron temprano, algunos de ellos con retrasos debido tambien a fallas en el referido sistema. A primeras horas se observaba poca gente pero a medida que fue avanzando la ma\u00f1ana, la cantidad fue aumentando.<\/p>\n<p><strong>Disgustos en Suiza<\/strong><\/p>\n<div id=\"attachment_207346\" class=\"wp-caption alignright\">\n<p><a href=\"http:\/\/almomento.net\/wp-content\/uploads\/2016\/05\/Votantes-en-Suiza.jpg\"><img loading=\"lazy\" decoding=\"async\" class=\"wp-image-207346 size-medium\" src=\"http:\/\/almomento.net\/wp-content\/uploads\/2016\/05\/Votantes-en-Suiza-300x169.jpg\" alt=\"Votantes en Suiza\" width=\"300\" height=\"169\" \/><\/a><\/p>\n<p class=\"wp-caption-text\">Votantes en Suiza<\/p>\n<\/div>\n<p>En Zurich, Suiza, debido a problemas con el sistema de validaci\u00f3n de huellas, aun varias horas despu\u00e9s de las 8:00 de la ma\u00f1ana el proceso no hab\u00eda comenzado, lo cual fue motivo de protestas.<\/p>\n<p>Margarita Franco, delegada del Partido Revolucionario Moderno en esa ciudad europea, inform\u00f3 que muchos dominicanos fueron temprano a votar, desafiando el frio, con temperatura de seis grados, pero se disgustaron debido al retraso.\u00a0 Algunos tuvieron que marcharse sin sufragar porque ten\u00edan que ir a trabajar, agreg\u00f3.<\/p>\n<p><strong>M\u00e1s de 80 mil votantes en Europa<\/strong><\/p>\n<p>M\u00e1s de 80 mil criollos residentes en pa\u00edses de este viejo continente est\u00e1n habilitados para votar. Entre ellos, se destacan 63 mil en Espa\u00f1a, 8 mil en Italia y casi 5 mil en Suiza \u00a0dominicanos en el padr\u00f3n electoral con 42 mil,\u00a0 impera mucho \u00e1nimo, siendo visible la intensa campa\u00f1a llevada a cabo por los partidos pol\u00edticos, agreg\u00f3 Segura.<\/p>\n<p>Otros, en cambio, muestran su inconformidad, pidiendo una mayor atenci\u00f3n para los dominicanos en el exterior por parte de nuestros pr\u00f3ximos gobernantes y diputados de ultramar.<\/p>\n<p>sp-am<\/p>\n","protected":false},"excerpt":{"rendered":"<p>MADRID, Espa\u00f1a.- Muchos dominicanos residentes en Europa est\u00e1n votando desde la 1:00 la madrugada hora dominicana (8 am hora europea) pero en Suiza se han reportado problemas con el sistema de validaci\u00f3n de las huellas dactilares. Un gran entusiasmo reina entre los dominicanos residentes en Europa quienes, debido a la diferencia de horario, son los [&hellip;]<\/p>\n","protected":false},"author":1,"featured_media":50156,"comment_status":"open","ping_status":"open","sticky":false,"template":"","format":"standard","meta":{"footnotes":""},"categories":[46,85,86,43],"tags":[],"class_list":["post-50152","post","type-post","status-publish","format-standard","has-post-thumbnail","hentry","category-dominicanos-en-madrid","category-espana","category-europa","category-politica"],"_links":{"self":[{"href":"https:\/\/2horizontes.com\/index.php?rest_route=\/wp\/v2\/posts\/50152","targetHints":{"allow":["GET"]}}],"collection":[{"href":"https:\/\/2horizontes.com\/index.php?rest_route=\/wp\/v2\/posts"}],"about":[{"href":"https:\/\/2horizontes.com\/index.php?rest_route=\/wp\/v2\/types\/post"}],"author":[{"embeddable":true,"href":"https:\/\/2horizontes.com\/index.php?rest_route=\/wp\/v2\/users\/1"}],"replies":[{"embeddable":true,"href":"https:\/\/2horizontes.com\/index.php?rest_route=%2Fwp%2Fv2%2Fcomments&post=50152"}],"version-history":[{"count":4,"href":"https:\/\/2horizontes.com\/index.php?rest_route=\/wp\/v2\/posts\/50152\/revisions"}],"predecessor-version":[{"id":50160,"href":"https:\/\/2horizontes.com\/index.php?rest_route=\/wp\/v2\/posts\/50152\/revisions\/50160"}],"wp:featuredmedia":[{"embeddable":true,"href":"https:\/\/2horizontes.com\/index.php?rest_route=\/wp\/v2\/media\/50156"}],"wp:attachment":[{"href":"https:\/\/2horizontes.com\/index.php?rest_route=%2Fwp%2Fv2%2Fmedia&parent=50152"}],"wp:term":[{"taxonomy":"category","embeddable":true,"href":"https:\/\/2horizontes.com\/index.php?rest_route=%2Fwp%2Fv2%2Fcategories&post=50152"},{"taxonomy":"post_tag","embeddable":true,"href":"https:\/\/2horizontes.com\/index.php?rest_route=%2Fwp%2Fv2%2Ftags&post=50152"}],"curies":[{"name":"wp","href":"https:\/\/api.w.org\/{rel}","templated":true}]}}