{"id":50111,"date":"2016-05-14T18:02:50","date_gmt":"2016-05-14T17:02:50","guid":{"rendered":"http:\/\/2horizontes.com\/?p=50111"},"modified":"2016-05-14T18:02:50","modified_gmt":"2016-05-14T17:02:50","slug":"rousseff-alerta-sobre-el-riesgo-de-tener-un-gobierno-ilegitimo","status":"publish","type":"post","link":"https:\/\/2horizontes.com\/?p=50111","title":{"rendered":"Rousseff alerta sobre el riesgo de tener un \u00abGobierno ileg\u00edtimo\u00bb"},"content":{"rendered":"<div id=\"ArticleAuthorDiv\" class=\"article-body-author\"><b>EFE<\/b><\/div>\n<div id=\"ArticleSourceDiv\" class=\"article-body-author\"><b>Brasilia<\/b><\/div>\n<div id=\"ArticleBody\">\n<p>La mandataria suspendida de Brasil, Dilma Rousseff, alert\u00f3 ayer de los \u00abriesgos\u00bb que corren el pa\u00eds y su democracia desde que est\u00e1n bajo un \u00abGobierno ileg\u00edtimo\u00bb, como consider\u00f3 al que preside interinamente Michel Temer.<\/p>\n<p>\u00abNo s\u00e9 si el riesgo existe ahora, en este momento. Pero creo que un Gobierno ileg\u00edtimo precisar\u00e1 siempre de mecanismos ileg\u00edtimos para mantenerse en el poder\u00bb, declar\u00f3 Rousseff en una rueda de prensa con corresponsales extranjeros, un d\u00eda despu\u00e9s de que fue separada del cargo para responder a un juicio pol\u00edtico.<\/p>\n<p>La mandataria, que recibi\u00f3 a la prensa extranjera en el Palacio de la Alvorada, la residencia oficial que a\u00fan mantiene, tambi\u00e9n reiter\u00f3 que se propone \u00abluchar\u00bb para recuperar el poder, para lo cual espera demostrar su inocencia en el juicio pol\u00edtico, que se desarrollar\u00e1 durante los seis meses que puede estar suspendida.<\/p>\n<p>Sobre el Gobierno interino de Temer que inici\u00f3 este jueves, Rousseff tambi\u00e9n afirm\u00f3 que, por sus primeros pronunciamientos, ser\u00e1 \u00abliberal en la econom\u00eda y conservador en las \u00e1reas social y cultural\u00bb.<\/p>\n<p>La mandataria suspendida, la primera mujer elegida para gobernar el pa\u00eds, lament\u00f3 tambi\u00e9n que \u00abdespu\u00e9s de mucho tiempo, por primera vez no haya en el Gobierno brasile\u00f1o ni mujeres ni negros\u00bb.<\/p>\n<p>Temer anunci\u00f3 este jueves su gabinete este jueves, y todos sus 24 integrantes son hombres de tez clara, lo que Rousseff consider\u00f3 que \u00abes una imagen\u00bb de lo que ser\u00e1 su gesti\u00f3n.<\/p>\n<p>\u00abHay un problema de representatividad\u00bb, sobre todo en relaci\u00f3n a las mujeres, que suponen m\u00e1s del 50 % de la poblaci\u00f3n brasile\u00f1a, dijo.<\/p>\n<p>\u00abLa cuesti\u00f3n de g\u00e9nero es fundamental para la democracia en Brasil\u00bb, dijo Rousseff, quien la igual\u00f3 en ese sentido a los asuntos raciales y a la discriminaci\u00f3n que sufre la poblaci\u00f3n negra.<\/p>\n<p>\u00abLa desigualdad en Brasil es negra, femenina, infantil y tambi\u00e9n, obviamente, masculina, pero negros y mujeres son fundamentales si se quiere construir un pa\u00eds desde el punto de vista social, cultural y de derechos humanos\u00bb, declar\u00f3.<\/p>\n<\/div>\n","protected":false},"excerpt":{"rendered":"<p>EFE Brasilia La mandataria suspendida de Brasil, Dilma Rousseff, alert\u00f3 ayer de los \u00abriesgos\u00bb que corren el pa\u00eds y su democracia desde que est\u00e1n bajo un \u00abGobierno ileg\u00edtimo\u00bb, como consider\u00f3 al que preside interinamente Michel Temer. \u00abNo s\u00e9 si el riesgo existe ahora, en este momento. Pero creo que un Gobierno ileg\u00edtimo precisar\u00e1 siempre de [&hellip;]<\/p>\n","protected":false},"author":7,"featured_media":50112,"comment_status":"open","ping_status":"open","sticky":false,"template":"","format":"standard","meta":{"footnotes":""},"categories":[40,43],"tags":[],"class_list":["post-50111","post","type-post","status-publish","format-standard","has-post-thumbnail","hentry","category-internacionales","category-politica"],"_links":{"self":[{"href":"https:\/\/2horizontes.com\/index.php?rest_route=\/wp\/v2\/posts\/50111","targetHints":{"allow":["GET"]}}],"collection":[{"href":"https:\/\/2horizontes.com\/index.php?rest_route=\/wp\/v2\/posts"}],"about":[{"href":"https:\/\/2horizontes.com\/index.php?rest_route=\/wp\/v2\/types\/post"}],"author":[{"embeddable":true,"href":"https:\/\/2horizontes.com\/index.php?rest_route=\/wp\/v2\/users\/7"}],"replies":[{"embeddable":true,"href":"https:\/\/2horizontes.com\/index.php?rest_route=%2Fwp%2Fv2%2Fcomments&post=50111"}],"version-history":[{"count":1,"href":"https:\/\/2horizontes.com\/index.php?rest_route=\/wp\/v2\/posts\/50111\/revisions"}],"predecessor-version":[{"id":50113,"href":"https:\/\/2horizontes.com\/index.php?rest_route=\/wp\/v2\/posts\/50111\/revisions\/50113"}],"wp:featuredmedia":[{"embeddable":true,"href":"https:\/\/2horizontes.com\/index.php?rest_route=\/wp\/v2\/media\/50112"}],"wp:attachment":[{"href":"https:\/\/2horizontes.com\/index.php?rest_route=%2Fwp%2Fv2%2Fmedia&parent=50111"}],"wp:term":[{"taxonomy":"category","embeddable":true,"href":"https:\/\/2horizontes.com\/index.php?rest_route=%2Fwp%2Fv2%2Fcategories&post=50111"},{"taxonomy":"post_tag","embeddable":true,"href":"https:\/\/2horizontes.com\/index.php?rest_route=%2Fwp%2Fv2%2Ftags&post=50111"}],"curies":[{"name":"wp","href":"https:\/\/api.w.org\/{rel}","templated":true}]}}