{"id":50075,"date":"2016-05-13T17:00:03","date_gmt":"2016-05-13T16:00:03","guid":{"rendered":"http:\/\/2horizontes.com\/?p=50075"},"modified":"2016-05-13T17:00:03","modified_gmt":"2016-05-13T16:00:03","slug":"marcela-temer-la-atractiva-primera-dama-de-brasil","status":"publish","type":"post","link":"https:\/\/2horizontes.com\/?p=50075","title":{"rendered":"Marcela Temer: la atractiva primera dama de Brasil"},"content":{"rendered":"<p>BRASIL.- Marcela Temer, la joven esposa del nuevo presidente de Brasil, Michel Temer, ha acaparado la atenci\u00f3n de la prensa y ha provocado las reacciones m\u00e1s dispares tanto por su exuberante belleza rubia como por sus comentarios.<\/p>\n<p>La hoy primera dama de Brasil, que se tatu\u00f3 el nombre de su esposo en la nuca cuando comenz\u00f3 su relaci\u00f3n, se muestra en un discreto segundo plano en los actos p\u00fablicos, aunque eso no evita que se convierta en blanco de las revistas del coraz\u00f3n.<\/p>\n<p>Ajena a los comentarios sobre la diferencia de edad con su marido,Marcela Temer\u00a0asegura que \u00abla edad no es obst\u00e1culo\u00bb. \u00abEs como si Michel tuviera 30 a\u00f1os, suena gracioso pero es as\u00ed\u00bb, ha dicho.<\/p>\n<p>La pareja parece vivir uno de sus mejores momentos, a juzgar por el reportaje de Veja, que revel\u00f3 como el vicepresidente agasaj\u00f3 a su joven esposa hace unos meses reservando un exclusivo restaurante de Sao Paulo solo para \u00abMar\u00bb y \u00abMi\u00bb, como al parecer la familia se refiere a\u00a0Marcela Temer\u00a0y Michel.<\/p>\n<p>La pasi\u00f3n de Michel por \u00abMar\u00bb le ha inspirado incluso para lanzarse a escribir poemas: \u00abLlamas de fuego, ojos brillantes, labios rojos, un incendio, toma cuenta de m\u00ed, de mi mente, de mi alma, de todo. En brasas, mi cuerpo, incendiado, consumido, disuelto. Finalmente quedan cenizas que esparzo en la cama\u00bb.<\/p>\n<p>Quiz\u00e1, con sus nuevas responsabilidades como presidente interino de Brasil en medio de un hurac\u00e1n pol\u00edtico y econ\u00f3mico y con los Juegos Ol\u00edmpicos en puertas, Michel Temer no tenga tanto tiempo para escribirle apasionados versos a su joven esposa.<\/p>\n","protected":false},"excerpt":{"rendered":"<p>BRASIL.- Marcela Temer, la joven esposa del nuevo presidente de Brasil, Michel Temer, ha acaparado la atenci\u00f3n de la prensa y ha provocado las reacciones m\u00e1s dispares tanto por su exuberante belleza rubia como por sus comentarios. La hoy primera dama de Brasil, que se tatu\u00f3 el nombre de su esposo en la nuca cuando [&hellip;]<\/p>\n","protected":false},"author":13240,"featured_media":50080,"comment_status":"open","ping_status":"open","sticky":false,"template":"","format":"standard","meta":{"footnotes":""},"categories":[40,43],"tags":[],"class_list":["post-50075","post","type-post","status-publish","format-standard","has-post-thumbnail","hentry","category-internacionales","category-politica"],"_links":{"self":[{"href":"https:\/\/2horizontes.com\/index.php?rest_route=\/wp\/v2\/posts\/50075","targetHints":{"allow":["GET"]}}],"collection":[{"href":"https:\/\/2horizontes.com\/index.php?rest_route=\/wp\/v2\/posts"}],"about":[{"href":"https:\/\/2horizontes.com\/index.php?rest_route=\/wp\/v2\/types\/post"}],"author":[{"embeddable":true,"href":"https:\/\/2horizontes.com\/index.php?rest_route=\/wp\/v2\/users\/13240"}],"replies":[{"embeddable":true,"href":"https:\/\/2horizontes.com\/index.php?rest_route=%2Fwp%2Fv2%2Fcomments&post=50075"}],"version-history":[{"count":1,"href":"https:\/\/2horizontes.com\/index.php?rest_route=\/wp\/v2\/posts\/50075\/revisions"}],"predecessor-version":[{"id":50081,"href":"https:\/\/2horizontes.com\/index.php?rest_route=\/wp\/v2\/posts\/50075\/revisions\/50081"}],"wp:featuredmedia":[{"embeddable":true,"href":"https:\/\/2horizontes.com\/index.php?rest_route=\/wp\/v2\/media\/50080"}],"wp:attachment":[{"href":"https:\/\/2horizontes.com\/index.php?rest_route=%2Fwp%2Fv2%2Fmedia&parent=50075"}],"wp:term":[{"taxonomy":"category","embeddable":true,"href":"https:\/\/2horizontes.com\/index.php?rest_route=%2Fwp%2Fv2%2Fcategories&post=50075"},{"taxonomy":"post_tag","embeddable":true,"href":"https:\/\/2horizontes.com\/index.php?rest_route=%2Fwp%2Fv2%2Ftags&post=50075"}],"curies":[{"name":"wp","href":"https:\/\/api.w.org\/{rel}","templated":true}]}}