{"id":50074,"date":"2016-05-13T16:57:01","date_gmt":"2016-05-13T15:57:01","guid":{"rendered":"http:\/\/2horizontes.com\/?p=50074"},"modified":"2016-05-13T16:57:01","modified_gmt":"2016-05-13T15:57:01","slug":"ismael-rivera-sera-homenajeado-este-fin-de-semana","status":"publish","type":"post","link":"https:\/\/2horizontes.com\/?p=50074","title":{"rendered":"Ismael Rivera ser\u00e1 homenajeado este fin de semana"},"content":{"rendered":"<p>Exposiciones, conversatorios y conciertos son algunas de las actividades previstas en Caracas y Charallave para la celebraci\u00f3n de los 29 a\u00f1os de la partida del salsero puertorrique\u00f1o\u00a0Ismael Rivera, popularmente conocido como Maelo, quien en vida mantuvo un estrecho vinculo musical y emocional con Venezuela.<\/p>\n<div>Pedrito Calvo y la Orquesta Karamba, de Cuba, y La Cuadra Latina y Dimensi\u00f3n Latina, por Venezuela, son tan s\u00f3lo algunos de los artistas que se unen al cartel de destacadas figuras del g\u00e9nero entre las que tambi\u00e9n figuran Fidisco (Asociaci\u00f3n Civil Amigos de Ismael Rivera) y Los Macropanas.<\/div>\n<div>\nEn la agenda destaca el \u201cGran homenaje al Sonero Mayor\u201d este viernes en el centro comercial Matalinda de Charallave, a las 8 de la noche; el conversatorio: \u201cIsmael Rivera Patrimonio del Imaginario Latinoamericano\u201d, en la Librer\u00eda del Sur del Teatro Teresa Carre\u00f1o ma\u00f1ana a las 3 de la tarde; el concierto \u201cLos Macropanas del IPC con la Bombilla juntos con el Sonero Ismael Rivera\u201d, en la calle Carabobo de El Para\u00edso, a las 3 de la tarde (con la participaci\u00f3n de Ismael Rivera Jr, la Cuadra Latina, el Oso con la agrupaci\u00f3n Saz\u00f3n, Pedrito Calvo, el grupo Karamba y danza y talento de las Brisas del Para\u00edso); y para el cierre, previsto para el domingo, un \u201cHomenaje a Ismael Rivera\u201d en el Teatro <em>Alameda, a las 2 de la tarde, con la Cuadra Latina, Pedrito Calvo y el grupo Karamba poniendo a bailar a los presentes.<\/em><\/div>\n","protected":false},"excerpt":{"rendered":"<p>Exposiciones, conversatorios y conciertos son algunas de las actividades previstas en Caracas y Charallave para la celebraci\u00f3n de los 29 a\u00f1os de la partida del salsero puertorrique\u00f1o\u00a0Ismael Rivera, popularmente conocido como Maelo, quien en vida mantuvo un estrecho vinculo musical y emocional con Venezuela. Pedrito Calvo y la Orquesta Karamba, de Cuba, y La Cuadra [&hellip;]<\/p>\n","protected":false},"author":13240,"featured_media":50078,"comment_status":"open","ping_status":"open","sticky":false,"template":"","format":"standard","meta":{"footnotes":""},"categories":[1,40],"tags":[],"class_list":["post-50074","post","type-post","status-publish","format-standard","has-post-thumbnail","hentry","category-entretenimiento","category-internacionales"],"_links":{"self":[{"href":"https:\/\/2horizontes.com\/index.php?rest_route=\/wp\/v2\/posts\/50074","targetHints":{"allow":["GET"]}}],"collection":[{"href":"https:\/\/2horizontes.com\/index.php?rest_route=\/wp\/v2\/posts"}],"about":[{"href":"https:\/\/2horizontes.com\/index.php?rest_route=\/wp\/v2\/types\/post"}],"author":[{"embeddable":true,"href":"https:\/\/2horizontes.com\/index.php?rest_route=\/wp\/v2\/users\/13240"}],"replies":[{"embeddable":true,"href":"https:\/\/2horizontes.com\/index.php?rest_route=%2Fwp%2Fv2%2Fcomments&post=50074"}],"version-history":[{"count":1,"href":"https:\/\/2horizontes.com\/index.php?rest_route=\/wp\/v2\/posts\/50074\/revisions"}],"predecessor-version":[{"id":50079,"href":"https:\/\/2horizontes.com\/index.php?rest_route=\/wp\/v2\/posts\/50074\/revisions\/50079"}],"wp:featuredmedia":[{"embeddable":true,"href":"https:\/\/2horizontes.com\/index.php?rest_route=\/wp\/v2\/media\/50078"}],"wp:attachment":[{"href":"https:\/\/2horizontes.com\/index.php?rest_route=%2Fwp%2Fv2%2Fmedia&parent=50074"}],"wp:term":[{"taxonomy":"category","embeddable":true,"href":"https:\/\/2horizontes.com\/index.php?rest_route=%2Fwp%2Fv2%2Fcategories&post=50074"},{"taxonomy":"post_tag","embeddable":true,"href":"https:\/\/2horizontes.com\/index.php?rest_route=%2Fwp%2Fv2%2Ftags&post=50074"}],"curies":[{"name":"wp","href":"https:\/\/api.w.org\/{rel}","templated":true}]}}