{"id":50045,"date":"2016-05-13T13:50:39","date_gmt":"2016-05-13T12:50:39","guid":{"rendered":"http:\/\/2horizontes.com\/?p=50045"},"modified":"2016-05-13T13:50:39","modified_gmt":"2016-05-13T12:50:39","slug":"la-liga-investiga-al-rayo","status":"publish","type":"post","link":"https:\/\/2horizontes.com\/?p=50045","title":{"rendered":"La Liga investiga al Rayo"},"content":{"rendered":"<p>LaLiga est\u00e1 investigando el partido disputado el pasado fin de semana entre Real Sociedad y Rayo Vallecano, de la jornada 37, por un comportamiento \u00abanormal\u00bb en las apuestas, seg\u00fan confirm\u00f3 este viernes su presidente, Javier Tebas, en una entrevista en El Larguero.<\/p>\n<p>\u00abEl partido entre la Real y el Rayo tuvo un comportamiento anormal en el tema de las apuestas. En este caso el rumor es que hubo discusi\u00f3n entre jugadores del Rayo en el descanso y por eso lo investigamos, lo cual no significa nada\u00bb, a\u00f1adi\u00f3 el m\u00e1ximo responsable de LaLiga.<\/p>\n<p>CAY\u00d3 2-1<\/p>\n<p>El Rayo perdi\u00f3 el pasado domingo en Anoeta (2-1) en un partido vital para los intereses de mantenerse en Primera Divisi\u00f3n. Una derrota que ha llevado al conjunto madrile\u00f1o a no depender de s\u00ed mismo en la \u00faltima jornada del Campeonato Nacional de Liga, que se disputa este domingo.<\/p>\n<p>\u00abCreo que puede haber m\u00e1s temas de apuestas que de primas a terceros en este final de Liga. Nuestra obligaci\u00f3n es vigilar mucho m\u00e1s esos partidos de final de temporada en los que puede haber dudas. Ante cualquier rumor o duda LaLiga se pone a investigar\u00bb, a\u00f1adi\u00f3 Tebas.<\/p>\n<p>Por su parte, Tebas asegur\u00f3 que otro de los partidos que estaba bajo sospecha, el Granada-Las Palmas, que termin\u00f3 con victoria local por 3-2, no tiene \u00abnada raro\u00bb. \u00abDespu\u00e9s de visionar el partido determinamos que no hab\u00eda nada raro\u00bb, sentenci\u00f3 el presidente de LaLiga.<\/p>\n<p>TRASHORRAS: \u00abPONGO LA MANO EN EL FUEGO POR MIS COMPA\u00d1EROS\u00bb<\/p>\n<p>Roberto Trashorras, centrocampista y capit\u00e1n del Rayo Vallecano, mostr\u00f3 el malestar de la plantilla por haber dudado de su \u00abprofesionalidad y honorabilidad\u00bb en el \u00faltimo partido frente a la Real Sociedad y asegur\u00f3, a t\u00edtulo personal, que pone \u00abla mano en el fuego\u00bb por sus compa\u00f1eros.<\/p>\n<p>La Liga de F\u00fatbol Profesional (LFP) ha anunciado que ha abierto una investigaci\u00f3n por sospechas de futbolistas del Rayo Vallecano en el partido frente a la Real Sociedad disputado la pasada jornada.<\/p>\n<p>\u00abLa totalidad de la plantilla, cuerpo t\u00e9cnico y directiva no va a permitir dudar de la honorabilidad, integridad y profesionalidad de la plantilla, porque no queremos que se manche el nombre del club\u00bb, dijo Trashorras, que puso \u00abla mano en el fuego\u00bb por todos sus compa\u00f1eros y el cuerpo t\u00e9cnico, \u00abhasta que se demuestre lo contrario\u00bb.<\/p>\n<p>EL RAYO AFIRMA ESTAR LIMPIO Y PIDE QUE NO SE \u00abMANCHE\u00bb SU NOMBRE<\/p>\n<p>La plantilla del Rayo Vallecano se defendi\u00f3 de cualquier atisbo de sospecha sobre su comportamiento del pasado domingo en Anoeta, asegurando que el equipo est\u00e1 \u00ablimpio\u00bb y que no consentir\u00e1 que se dude de su \u00abhonorabilidad, integridad y profesionalidad\u00bb, y ha llamado a centrarse en el vital duelo por la permanencia de este domingo ante el Levante en Vallecas (19.30 horas).<\/p>\n<p>Por ello, el conjunto franjirrojo compareci\u00f3 ante la prensa para defenderse y subrayar que no van a permitir que se dude \u00abde la honorabilidad, integridad y profesionalidad de todos y cada uno de los miembros de esta plantilla\u00bb. \u00abNo vamos a consentir que estas informaciones manchen el buen nombre del club, de sus jugadores y de la afici\u00f3n\u00bb, indicaron en un comunicado.<\/p>\n<p>\u00abLa plantilla es completamente ajena a la supuesta raz\u00f3n que ha motivado esta investigaci\u00f3n, una bajada importante en la cotizaci\u00f3n del triunfo de la Real Sociedad en las casas de apuestas. Evidentemente no puede hacerse responsable a los jugadores de estas o parecidas circunstancias\u00bb, a\u00f1adieron.<\/p>\n","protected":false},"excerpt":{"rendered":"<p>LaLiga est\u00e1 investigando el partido disputado el pasado fin de semana entre Real Sociedad y Rayo Vallecano, de la jornada 37, por un comportamiento \u00abanormal\u00bb en las apuestas, seg\u00fan confirm\u00f3 este viernes su presidente, Javier Tebas, en una entrevista en El Larguero. \u00abEl partido entre la Real y el Rayo tuvo un comportamiento anormal en [&hellip;]<\/p>\n","protected":false},"author":3,"featured_media":50046,"comment_status":"open","ping_status":"open","sticky":false,"template":"","format":"standard","meta":{"footnotes":""},"categories":[42],"tags":[],"class_list":["post-50045","post","type-post","status-publish","format-standard","has-post-thumbnail","hentry","category-deportes"],"_links":{"self":[{"href":"https:\/\/2horizontes.com\/index.php?rest_route=\/wp\/v2\/posts\/50045","targetHints":{"allow":["GET"]}}],"collection":[{"href":"https:\/\/2horizontes.com\/index.php?rest_route=\/wp\/v2\/posts"}],"about":[{"href":"https:\/\/2horizontes.com\/index.php?rest_route=\/wp\/v2\/types\/post"}],"author":[{"embeddable":true,"href":"https:\/\/2horizontes.com\/index.php?rest_route=\/wp\/v2\/users\/3"}],"replies":[{"embeddable":true,"href":"https:\/\/2horizontes.com\/index.php?rest_route=%2Fwp%2Fv2%2Fcomments&post=50045"}],"version-history":[{"count":1,"href":"https:\/\/2horizontes.com\/index.php?rest_route=\/wp\/v2\/posts\/50045\/revisions"}],"predecessor-version":[{"id":50047,"href":"https:\/\/2horizontes.com\/index.php?rest_route=\/wp\/v2\/posts\/50045\/revisions\/50047"}],"wp:featuredmedia":[{"embeddable":true,"href":"https:\/\/2horizontes.com\/index.php?rest_route=\/wp\/v2\/media\/50046"}],"wp:attachment":[{"href":"https:\/\/2horizontes.com\/index.php?rest_route=%2Fwp%2Fv2%2Fmedia&parent=50045"}],"wp:term":[{"taxonomy":"category","embeddable":true,"href":"https:\/\/2horizontes.com\/index.php?rest_route=%2Fwp%2Fv2%2Fcategories&post=50045"},{"taxonomy":"post_tag","embeddable":true,"href":"https:\/\/2horizontes.com\/index.php?rest_route=%2Fwp%2Fv2%2Ftags&post=50045"}],"curies":[{"name":"wp","href":"https:\/\/api.w.org\/{rel}","templated":true}]}}