{"id":50042,"date":"2016-05-13T13:46:53","date_gmt":"2016-05-13T12:46:53","guid":{"rendered":"http:\/\/2horizontes.com\/?p=50042"},"modified":"2016-05-13T13:46:53","modified_gmt":"2016-05-13T12:46:53","slug":"detenido-un-joven-que-insulto-y-agredio-a-dos-jovenes-gay-cerca-de-la-puerta-del-sol","status":"publish","type":"post","link":"https:\/\/2horizontes.com\/?p=50042","title":{"rendered":"Detenido un joven que insult\u00f3 y agredi\u00f3 a dos j\u00f3venes gay cerca de la Puerta del Sol"},"content":{"rendered":"<p>La Polic\u00eda Nacional ha detenido a un joven de 23 a\u00f1os como presunto responsable de insultar y agredir a dos j\u00f3venes gais cerca de la Puerta del Sol. Seg\u00fan informa la Jefatura Superior de Polic\u00eda, los hechos ocurrieron en la madrugada del pasado 22 de abril y se le imputa al arrestado dos delitos contra la integridad moral y dos delitos leves de lesiones.<\/p>\n<p>Los j\u00f3venes agredidos fueron asistidos por servicios sanitarios por diversas lesiones en nariz y cara, de las que no necesitaron cirug\u00eda ni asistencia posterior, interpusieron la correspondiente denuncia en dependencias policiales.<\/p>\n<p>Tras ello, los agentes iniciaron las gestiones oportunas para localizar al autor de los hechos. D\u00edas despu\u00e9s identificaron al presunto responsable, que fue reconocido por las v\u00edctimas sin ning\u00fan g\u00e9nero de dudas y finalmente detenido el pasado mi\u00e9rcoles en las inmediaciones de su domicilio. Se le atribuyen dos delitos contra la integridad moral y dos delitos leves de lesiones.<\/p>\n<p>La investigaci\u00f3n ha sido llevada a cabo por agentes de la Brigada Provincial de Informaci\u00f3n pertenecientes a la Jefatura Superior de Polic\u00eda de Madrid. Arc\u00f3poli denunci\u00f3 en su momento que la pareja de j\u00f3venes agredidos recibi\u00f3 pu\u00f1etazos y lanzamientos de objetivos -como una lata de cerveza- al grito de \u00abmaricones\u00bb.<\/p>\n","protected":false},"excerpt":{"rendered":"<p>La Polic\u00eda Nacional ha detenido a un joven de 23 a\u00f1os como presunto responsable de insultar y agredir a dos j\u00f3venes gais cerca de la Puerta del Sol. Seg\u00fan informa la Jefatura Superior de Polic\u00eda, los hechos ocurrieron en la madrugada del pasado 22 de abril y se le imputa al arrestado dos delitos contra [&hellip;]<\/p>\n","protected":false},"author":3,"featured_media":50043,"comment_status":"open","ping_status":"open","sticky":false,"template":"","format":"standard","meta":{"footnotes":""},"categories":[85,57],"tags":[],"class_list":["post-50042","post","type-post","status-publish","format-standard","has-post-thumbnail","hentry","category-espana","category-mundo-gay"],"_links":{"self":[{"href":"https:\/\/2horizontes.com\/index.php?rest_route=\/wp\/v2\/posts\/50042","targetHints":{"allow":["GET"]}}],"collection":[{"href":"https:\/\/2horizontes.com\/index.php?rest_route=\/wp\/v2\/posts"}],"about":[{"href":"https:\/\/2horizontes.com\/index.php?rest_route=\/wp\/v2\/types\/post"}],"author":[{"embeddable":true,"href":"https:\/\/2horizontes.com\/index.php?rest_route=\/wp\/v2\/users\/3"}],"replies":[{"embeddable":true,"href":"https:\/\/2horizontes.com\/index.php?rest_route=%2Fwp%2Fv2%2Fcomments&post=50042"}],"version-history":[{"count":1,"href":"https:\/\/2horizontes.com\/index.php?rest_route=\/wp\/v2\/posts\/50042\/revisions"}],"predecessor-version":[{"id":50044,"href":"https:\/\/2horizontes.com\/index.php?rest_route=\/wp\/v2\/posts\/50042\/revisions\/50044"}],"wp:featuredmedia":[{"embeddable":true,"href":"https:\/\/2horizontes.com\/index.php?rest_route=\/wp\/v2\/media\/50043"}],"wp:attachment":[{"href":"https:\/\/2horizontes.com\/index.php?rest_route=%2Fwp%2Fv2%2Fmedia&parent=50042"}],"wp:term":[{"taxonomy":"category","embeddable":true,"href":"https:\/\/2horizontes.com\/index.php?rest_route=%2Fwp%2Fv2%2Fcategories&post=50042"},{"taxonomy":"post_tag","embeddable":true,"href":"https:\/\/2horizontes.com\/index.php?rest_route=%2Fwp%2Fv2%2Ftags&post=50042"}],"curies":[{"name":"wp","href":"https:\/\/api.w.org\/{rel}","templated":true}]}}