{"id":50033,"date":"2016-05-13T13:04:22","date_gmt":"2016-05-13T12:04:22","guid":{"rendered":"http:\/\/2horizontes.com\/?p=50033"},"modified":"2016-05-13T13:04:22","modified_gmt":"2016-05-13T12:04:22","slug":"brutal-paliza-a-una-estudiante-en-escocia","status":"publish","type":"post","link":"https:\/\/2horizontes.com\/?p=50033","title":{"rendered":"Brutal paliza a una estudiante en Escocia"},"content":{"rendered":"<p>Aunque por culpa de las nuevas tecnolog\u00edas ahora sea mucho m\u00e1s f\u00e1cil difundir v\u00eddeos de agresiones entre estudiantes, no por ello deja de ser denunciable. La \u00faltima brutal paliza que se est\u00e1 viralizando llega desde Escocia. A la entrada del instituto Gleniffer de Paisley una chica fue agredida por una compa\u00f1era de clase mientras el resto de estudiantes las rodean, alientan la pelea y lo filman todo con sus smarthphone.<\/p>\n<p>En el video de apenas 15 segundos se aprecia c\u00f3mo la agresora agarra por el pelo a la v\u00edctima, la tira contra el suelo y le propina toda clase de golpes. Ninguno de los compa\u00f1eros all\u00ed presentes durante el tiempo del recreo hace por separarlas y prefieren no intervenir.<\/p>\n<p>Despu\u00e9s de que el v\u00eddeo empezara a circular por las redes sociales, la madre de la v\u00edctima, que prefiri\u00f3 mantener el anonimato, inform\u00f3 al Daily Record el calvario por el que est\u00e1 pasando su hija. \u201cElla no quer\u00eda luchar contra la otra chica, pero fue atacada de todos modos. Ahora est\u00e1 dolorida y magullada tras la agresi\u00f3n, pero que se filmara y se compartiera en Facebook fue lo peor. Cuando mi hija volvi\u00f3 al instituto todos los alumnos se re\u00edan de ella y es el objeto de m\u00e1s burlas\u201d, relat\u00f3 la madre.<\/p>\n<p>Seg\u00fan cuentan los medios locales, la polic\u00eda y responsables del centro se han comprometido a tomar las medidas oportunas. \u201cEl comportamiento que se muestra en el v\u00eddeo es totalmente inaceptable. Estamos cooperando con una investigaci\u00f3n policial y podemos confirmar que la agresora ha sido expulsada del instituto\u201d, coment\u00f3 un portavoz de Gleniffer.<\/p>\n","protected":false},"excerpt":{"rendered":"<p>Aunque por culpa de las nuevas tecnolog\u00edas ahora sea mucho m\u00e1s f\u00e1cil difundir v\u00eddeos de agresiones entre estudiantes, no por ello deja de ser denunciable. La \u00faltima brutal paliza que se est\u00e1 viralizando llega desde Escocia. A la entrada del instituto Gleniffer de Paisley una chica fue agredida por una compa\u00f1era de clase mientras el [&hellip;]<\/p>\n","protected":false},"author":3,"featured_media":50034,"comment_status":"open","ping_status":"open","sticky":false,"template":"","format":"standard","meta":{"footnotes":""},"categories":[40],"tags":[],"class_list":["post-50033","post","type-post","status-publish","format-standard","has-post-thumbnail","hentry","category-internacionales"],"_links":{"self":[{"href":"https:\/\/2horizontes.com\/index.php?rest_route=\/wp\/v2\/posts\/50033","targetHints":{"allow":["GET"]}}],"collection":[{"href":"https:\/\/2horizontes.com\/index.php?rest_route=\/wp\/v2\/posts"}],"about":[{"href":"https:\/\/2horizontes.com\/index.php?rest_route=\/wp\/v2\/types\/post"}],"author":[{"embeddable":true,"href":"https:\/\/2horizontes.com\/index.php?rest_route=\/wp\/v2\/users\/3"}],"replies":[{"embeddable":true,"href":"https:\/\/2horizontes.com\/index.php?rest_route=%2Fwp%2Fv2%2Fcomments&post=50033"}],"version-history":[{"count":1,"href":"https:\/\/2horizontes.com\/index.php?rest_route=\/wp\/v2\/posts\/50033\/revisions"}],"predecessor-version":[{"id":50035,"href":"https:\/\/2horizontes.com\/index.php?rest_route=\/wp\/v2\/posts\/50033\/revisions\/50035"}],"wp:featuredmedia":[{"embeddable":true,"href":"https:\/\/2horizontes.com\/index.php?rest_route=\/wp\/v2\/media\/50034"}],"wp:attachment":[{"href":"https:\/\/2horizontes.com\/index.php?rest_route=%2Fwp%2Fv2%2Fmedia&parent=50033"}],"wp:term":[{"taxonomy":"category","embeddable":true,"href":"https:\/\/2horizontes.com\/index.php?rest_route=%2Fwp%2Fv2%2Fcategories&post=50033"},{"taxonomy":"post_tag","embeddable":true,"href":"https:\/\/2horizontes.com\/index.php?rest_route=%2Fwp%2Fv2%2Ftags&post=50033"}],"curies":[{"name":"wp","href":"https:\/\/api.w.org\/{rel}","templated":true}]}}