{"id":50027,"date":"2016-05-13T12:58:27","date_gmt":"2016-05-13T11:58:27","guid":{"rendered":"http:\/\/2horizontes.com\/?p=50027"},"modified":"2016-05-13T12:58:27","modified_gmt":"2016-05-13T11:58:27","slug":"dos-ninos-de-5-anos-se-escapan-de-su-escuela-en-el-gotic-y-cogen-un-tren-hasta-valldoreix","status":"publish","type":"post","link":"https:\/\/2horizontes.com\/?p=50027","title":{"rendered":"Dos ni\u00f1os de 5 a\u00f1os se escapan de su escuela en el G\u00f2tic y cogen un tren hasta Valldoreix"},"content":{"rendered":"<p>Dos alumnos de 5 a\u00f1os de la escuela Baixeras de Barcelona, un ni\u00f1o y una ni\u00f1a que cursan P-4, se fugaron ayer del colegio y se subieron a un tren de los Ferrocarrils de la Generalitat, en el que viajaron hasta Valldoreix (Sant Cugat), donde fueron localizados por los Mossos d&#8217;Esquadra.<\/p>\n<p>El Consorcio de Educaci\u00f3n de Barcelona, que ha confirmado los hechos, ha lamentado \u201cprofundamente\u201d lo sucedid y ha informado que ha abierto un expediente informativo a la escuela \u00abpara clarificar los hechos y dirimir las posibles responsabilidades que se deriven\u00bb.<\/p>\n<p>La escuela tambi\u00e9n ha anunciado que revisar\u00e1 las medidas preventivas para evitar que se puedan producir fugas de los ni\u00f1os, mientras que una de las familias de los menores que se escaparon ha presentado una denuncia contra el colegio.<\/p>\n<p>El hecho ocurri\u00f3 sobre las 13:20 horas de ayer, momento en que una monitora del comedor ech\u00f3 en falta a dos de los alumnos, un ni\u00f1o y una ni\u00f1a de 5 a\u00f1os, al no localizarlos en el patio de la escuela. Inmediatamente se comunic\u00f3 su ausencia a los responsables del colegio. Tras buscar a los ni\u00f1os por todo el recinto escolar y no encontrarlos, avisaron a los servicios de emergencia y al Consorcio de Educaci\u00f3n.<\/p>\n<p>Los dos ni\u00f1os, que seg\u00fan algunas fuentes habr\u00edan premeditado su fuga para \u00abvivir una aventura\u00bb, caminaron solos hasta la plaza de Catalunya y bajaron a la estaci\u00f3n subterr\u00e1nea de los FGC, accedieron al and\u00e9n y se subieron a un convoy en direcci\u00f3n a Valldoreix, donde vive la familia de uno de ellos.<\/p>\n<p>Incomprensiblemente, nadie avis\u00f3 de que dos ni\u00f1os de tan corta edad anduviesen solos por la calle y, tras llegar a la estaci\u00f3n de los FGC, accedieran a un and\u00e9n y se colaran en un tren. A las 14:45 horas los Mossos d&#8217;Esquadra llamaron a la escuela para anunciarles que hab\u00edan encontrado a los dos ni\u00f1os fugados en Valldoreix. Un ciudadano que los vio dentro de un convoy de Ferrocarrils de la Generalitat dio el aviso y los baj\u00f3 en la parada de Valldoreix, donde una patrulla ya los estaba esperando<\/p>\n<p>La directora del centro y la tutora de los menores se trasladaron a la comisar\u00eda, adonde tambi\u00e9n acudieron las familias para recoger a sus hijos. Una de ellas decidi\u00f3 presentar denuncia contra la escuela por una posible negligencia en la custodia de su hijo.<\/p>\n","protected":false},"excerpt":{"rendered":"<p>Dos alumnos de 5 a\u00f1os de la escuela Baixeras de Barcelona, un ni\u00f1o y una ni\u00f1a que cursan P-4, se fugaron ayer del colegio y se subieron a un tren de los Ferrocarrils de la Generalitat, en el que viajaron hasta Valldoreix (Sant Cugat), donde fueron localizados por los Mossos d&#8217;Esquadra. El Consorcio de Educaci\u00f3n [&hellip;]<\/p>\n","protected":false},"author":3,"featured_media":50028,"comment_status":"open","ping_status":"open","sticky":false,"template":"","format":"standard","meta":{"footnotes":""},"categories":[85],"tags":[],"class_list":["post-50027","post","type-post","status-publish","format-standard","has-post-thumbnail","hentry","category-espana"],"_links":{"self":[{"href":"https:\/\/2horizontes.com\/index.php?rest_route=\/wp\/v2\/posts\/50027","targetHints":{"allow":["GET"]}}],"collection":[{"href":"https:\/\/2horizontes.com\/index.php?rest_route=\/wp\/v2\/posts"}],"about":[{"href":"https:\/\/2horizontes.com\/index.php?rest_route=\/wp\/v2\/types\/post"}],"author":[{"embeddable":true,"href":"https:\/\/2horizontes.com\/index.php?rest_route=\/wp\/v2\/users\/3"}],"replies":[{"embeddable":true,"href":"https:\/\/2horizontes.com\/index.php?rest_route=%2Fwp%2Fv2%2Fcomments&post=50027"}],"version-history":[{"count":1,"href":"https:\/\/2horizontes.com\/index.php?rest_route=\/wp\/v2\/posts\/50027\/revisions"}],"predecessor-version":[{"id":50029,"href":"https:\/\/2horizontes.com\/index.php?rest_route=\/wp\/v2\/posts\/50027\/revisions\/50029"}],"wp:featuredmedia":[{"embeddable":true,"href":"https:\/\/2horizontes.com\/index.php?rest_route=\/wp\/v2\/media\/50028"}],"wp:attachment":[{"href":"https:\/\/2horizontes.com\/index.php?rest_route=%2Fwp%2Fv2%2Fmedia&parent=50027"}],"wp:term":[{"taxonomy":"category","embeddable":true,"href":"https:\/\/2horizontes.com\/index.php?rest_route=%2Fwp%2Fv2%2Fcategories&post=50027"},{"taxonomy":"post_tag","embeddable":true,"href":"https:\/\/2horizontes.com\/index.php?rest_route=%2Fwp%2Fv2%2Ftags&post=50027"}],"curies":[{"name":"wp","href":"https:\/\/api.w.org\/{rel}","templated":true}]}}