{"id":50009,"date":"2016-05-13T11:10:13","date_gmt":"2016-05-13T10:10:13","guid":{"rendered":"http:\/\/2horizontes.com\/?p=50009"},"modified":"2016-05-13T11:10:13","modified_gmt":"2016-05-13T10:10:13","slug":"gobierno-y-farc-blindan-juridicamente-el-proceso-de-paz","status":"publish","type":"post","link":"https:\/\/2horizontes.com\/?p=50009","title":{"rendered":"Gobierno y FARC blindan jur\u00eddicamente el proceso de paz"},"content":{"rendered":"<div id=\"ArticleAuthorDiv\" class=\"article-body-author\"><b>AP<\/b><\/div>\n<div id=\"ArticleSourceDiv\" class=\"article-body-author\"><b>BOGOTA, Colombia<\/b><\/div>\n<div id=\"ArticleBody\">\n<p>El gobierno colombiano y las FARC anunciaron ayer en La Habana una serie de mecanismos para blindar el proceso de paz entre las partes.<\/p>\n<p>Por eso el jefe del equipo negociador del gobierno, Humberto De la Calle, expres\u00f3 que \u00abtoda negociaci\u00f3n entre un Gobierno y una guerrilla enfrenta el mismo problema: un acuerdo de paz es un acuerdo pol\u00edtico. Requiere de medidas adicionales para darle solidez y estabilidad en el tiempo\u00bb.<\/p>\n<p>Los delegados de Cuba y Noruega, pa\u00edses garantes del proceso de negociaci\u00f3n, leyeron un texto en el que qued\u00f3 claro que los puntos acordados en la mesa de negociaci\u00f3n, una vez se firme la paz y se surtan tr\u00e1mites en el Congreso, tendr\u00e1n rango constitucional.<\/p>\n<p>El objetivo de lo acordado el jueves, seg\u00fan los delegados de los pa\u00edses garantes, es \u00abasegurar su introducci\u00f3n al ordenamiento jur\u00eddico colombiano y para dar garant\u00edas de cumplimiento de dicho Acuerdo Final, tanto conforme al derecho interno colombiano como conforme al derecho internacional\u00bb.<\/p>\n<p>En reiteradas ocasiones las partes han expresado inquietudes de que eventualmente con el tiempo los acuerdos que se firmen en la isla puedan ser, por ejemplo, objeto de modificaciones por gobiernos colombianos venideros.<\/p>\n<p>De la Calle insisti\u00f3 que, aunque a\u00fan no ha sido acordado por las partes, el proceso de paz con la guerrilla incluye una refrendaci\u00f3n popular, tal como lo dijo el presidente Juan Manuel Santos cuando anunci\u00f3 el inicio de la negociaci\u00f3n en 2012.<\/p>\n<p>En concepto del jefe negociador, \u00abtanto el Gobierno como las FARC comparten una idea crucial: la mejor forma de garantizar la vigencia de los Derechos Humanos e impedir nuevas violaciones a causa del conflicto interno es poner fin al mismo. Lo que buscamos en La Habana es terminar la guerra\u00bb porque ese \u00abes el mejor modo de garantizar los Derechos Humanos de los colombianos\u00bb.<\/p>\n<p>El funcionario hizo hincapi\u00e9 en que el Acuerdo Final ocupar\u00e1 un lugar privilegiado en el marco constitucional toda vez que ingresar\u00e1 al llamado bloque de constitucionalidad en sentido estricto y con car\u00e1cter transitorio. Es decir, seg\u00fan sus palabras, servir\u00e1 como par\u00e1metro de constitucionalidad para el desarrollo y la interpretaci\u00f3n de las normas de implementaci\u00f3n de los acuerdos.<\/p>\n<p>De acuerdo con el abogado constitucionalista Juan Carlos Moncada, lo acordado en la jornada en la capital cubana equivale a \u00abotorgar a los papeles de La Habana la misma jerarqu\u00eda normativa de nuestra Constituci\u00f3n&#8230;\u00bb.<\/p>\n<p>Pero para llegar al objetivo de lo acordado por las partes en Cuba, advirti\u00f3 Moncada a The Associated Press, es necesaria una reforma constitucional que podr\u00e1 ser tramitada en el Congreso.<\/p>\n<p>En tanto, el congresista Iv\u00e1n Cepeda, del izquierdista Polo Democr\u00e1tico Alternativo, calific\u00f3 el acuerdo del jueves como \u00abuna decisi\u00f3n muy trascendental porque implica nada menos que los acuerdos de paz de La Habana van a quedar a salvo de cualquier tipo de modificaci\u00f3n que se les quiera introducir\u00bb.<\/p>\n<p>En di\u00e1logo telef\u00f3nico con la AP, el parlamentario enfatiz\u00f3 en que \u00abha quedado resuelto, ni m\u00e1s ni menos, el problema de la estabilidad jur\u00eddica de los acuerdos\u00bb de paz. \u00a0\u00a0\u00a0\u00a0\u00a0\u00a0\u00a0\u00a0\u00a0\u00a0\u00a0\u00a0\u00a0\u00a0\u00a0\u00a0\u00a0\u00a0 \u00a0Desde la otra orilla, sin embargo, el Centro Democr\u00e1tico, el movimiento pol\u00edtico del ex presidente Alvaro Uribe (2002-2010), objet\u00f3 lo anunciado desde Cuba.<\/p>\n<p>\u00abEl anuncio de un acuerdo entre el Gobierno y las Farc para elevar a la categor\u00eda de acuerdo especial los acuerdos de La Habana es un Golpe de Estado a la democracia colombiana\u00bb, asegur\u00f3 en un comunicado el Centro Democr\u00e1tico, que siempre ha expresado su desacuerdo con el proceso de paz.<\/p>\n<p>Los congresistas uribistas invitaron de nuevo \u00aba la resistencia civil\u00bb porque, dijeron, con lo acordado en Cuba se est\u00e1 desconociendo el derecho de los colombianos a decidir por ejemplo si los guerrilleros de las FARC deben ir o no a la c\u00e1rcel.<\/p>\n<p>Desde fines de 2012, la administraci\u00f3n de Santos y las rebeldes Fuerzas Armadas Revolucionarias de Colombia (FARC) adelantan en Cuba un proceso de paz para tratar de poner fin a m\u00e1s de 50 a\u00f1os de confrontaciones entre las partes.<\/p>\n<p>Hasta ahora las delegaciones negociadoras han llegado a acuerdos en temas clave como una reforma agraria en el pa\u00eds, la participaci\u00f3n en pol\u00edtica de los guerrilleros, la lucha frontal contra el narcotr\u00e1fico, resarcimiento a las v\u00edctimas y la justicia transicional, como se conoce la forma en que los autores del conflicto armado en Colombia pagar\u00e1n por sus cr\u00edmenes.<\/p>\n<p>De la Calle insisti\u00f3 en que en la mesa se sigue trabajando en temas \u00e1lgidos como el cese bilateral del fuego, la dejaci\u00f3n de las armas por parte de los insurgentes y las zonas de ubicaci\u00f3n transitoria para los guerrilleros.<\/p>\n<\/div>\n<div><\/div>\n","protected":false},"excerpt":{"rendered":"<p>AP BOGOTA, Colombia El gobierno colombiano y las FARC anunciaron ayer en La Habana una serie de mecanismos para blindar el proceso de paz entre las partes. Por eso el jefe del equipo negociador del gobierno, Humberto De la Calle, expres\u00f3 que \u00abtoda negociaci\u00f3n entre un Gobierno y una guerrilla enfrenta el mismo problema: un [&hellip;]<\/p>\n","protected":false},"author":7,"featured_media":50010,"comment_status":"open","ping_status":"open","sticky":false,"template":"","format":"standard","meta":{"footnotes":""},"categories":[50,40,43],"tags":[],"class_list":["post-50009","post","type-post","status-publish","format-standard","has-post-thumbnail","hentry","category-colombia","category-internacionales","category-politica"],"_links":{"self":[{"href":"https:\/\/2horizontes.com\/index.php?rest_route=\/wp\/v2\/posts\/50009","targetHints":{"allow":["GET"]}}],"collection":[{"href":"https:\/\/2horizontes.com\/index.php?rest_route=\/wp\/v2\/posts"}],"about":[{"href":"https:\/\/2horizontes.com\/index.php?rest_route=\/wp\/v2\/types\/post"}],"author":[{"embeddable":true,"href":"https:\/\/2horizontes.com\/index.php?rest_route=\/wp\/v2\/users\/7"}],"replies":[{"embeddable":true,"href":"https:\/\/2horizontes.com\/index.php?rest_route=%2Fwp%2Fv2%2Fcomments&post=50009"}],"version-history":[{"count":1,"href":"https:\/\/2horizontes.com\/index.php?rest_route=\/wp\/v2\/posts\/50009\/revisions"}],"predecessor-version":[{"id":50011,"href":"https:\/\/2horizontes.com\/index.php?rest_route=\/wp\/v2\/posts\/50009\/revisions\/50011"}],"wp:featuredmedia":[{"embeddable":true,"href":"https:\/\/2horizontes.com\/index.php?rest_route=\/wp\/v2\/media\/50010"}],"wp:attachment":[{"href":"https:\/\/2horizontes.com\/index.php?rest_route=%2Fwp%2Fv2%2Fmedia&parent=50009"}],"wp:term":[{"taxonomy":"category","embeddable":true,"href":"https:\/\/2horizontes.com\/index.php?rest_route=%2Fwp%2Fv2%2Fcategories&post=50009"},{"taxonomy":"post_tag","embeddable":true,"href":"https:\/\/2horizontes.com\/index.php?rest_route=%2Fwp%2Fv2%2Ftags&post=50009"}],"curies":[{"name":"wp","href":"https:\/\/api.w.org\/{rel}","templated":true}]}}