{"id":50004,"date":"2016-05-13T11:06:26","date_gmt":"2016-05-13T10:06:26","guid":{"rendered":"http:\/\/2horizontes.com\/?p=50004"},"modified":"2016-05-13T11:06:26","modified_gmt":"2016-05-13T10:06:26","slug":"en-venezuela-acusan-a-11-personas-por-decomiso-de-drogas-en-dominicana","status":"publish","type":"post","link":"https:\/\/2horizontes.com\/?p=50004","title":{"rendered":"En Venezuela acusan a 11 personas por decomiso de drogas en Dominicana"},"content":{"rendered":"<div id=\"ArticleAuthorDiv\" class=\"article-body-author\"><b>AP<\/b><\/div>\n<div id=\"ArticleSourceDiv\" class=\"article-body-author\"><b>CARACAS, Venezuela<\/b><\/div>\n<div id=\"ArticleBody\">\n<p>Casi una docena de personas, entre ellos un funcionario de la Interpol y cinco guardias nacionales, fueron acusadas por la Fiscal\u00eda General de Venezuela por sus presuntos v\u00ednculos con el decomiso de un cargamento de droga en marzo en la Rep\u00fablica Dominicana.<\/p>\n<p>Eli\u00e9cer Garc\u00eda Torrealba, detective jefe de la Polic\u00eda Internacional en el estado centro-occidental de Lara, y On\u00e9simo Romero Hern\u00e1ndez, sargento de la Guardia Nacional -de 42 y 34 a\u00f1os respectivamente-, fueron acusados de los delitos de narcotr\u00e1fico y asociaci\u00f3n para delinquir, anunci\u00f3 el Ministerio P\u00fablico en un comunicado.<\/p>\n<p>Los acusados fueron detenidos poco despu\u00e9s de que las autoridades dominicanas apresaron a cinco venezolanos tras el decomiso el 24 de marzo en un aeropuerto de Rep\u00fablica Dominicana de 349 paquetes de droga, los cuales fueron encontrados en tres maletas y dos bultos dentro de una avioneta Cessna 404 que ven\u00eda de la ciudad venezolana de Barquisimeto, capital del estado Lara. Entre los detenidos en territorio dominicano est\u00e1 el piloto de la aeronave y un hombre que presuntamente esperaba el cargamento en el aeropuerto.<\/p>\n<p>\u00abSe presume que Garc\u00eda Torrealba, vali\u00e9ndose de su cargo, coordin\u00f3 las acciones necesarias dentro del aeropuerto en Barquisimeto a fin de lograr la salida del avi\u00f3n con el cargamento de coca\u00edna\u00bb, destac\u00f3 el Ministerio P\u00fablico.<\/p>\n<p>Los fiscales adem\u00e1s imputaron a otros cuatro sargentos de la Guardia Nacional y a tres funcionarios de seguridad aeroportuaria por los delitos de narcotr\u00e1fico \u00aben grado de cooperadores inmediatos\u00bb, indic\u00f3 el escrito.<\/p>\n<p>Adicionalmente fueron acusados dos civiles, incluido un empresario identificado como Pablo C\u00e1rdenas, a quien se le atribuyen los delitos de \u00abasociaci\u00f3n para delinquir\u00bb y narcotr\u00e1fico \u00aben grado de director y financista\u00bb, agreg\u00f3 la Fiscal\u00eda.<\/p>\n<p>Venezuela es se\u00f1alada como un importante punto de tr\u00e1nsito de la droga hacia Estados Unidos y Europa. Varios oficiales y militares venezolanos de alto rango han sido acusados de participar en el tr\u00e1fico de narc\u00f3ticos.<\/p>\n<\/div>\n<div><\/div>\n","protected":false},"excerpt":{"rendered":"<p>AP CARACAS, Venezuela Casi una docena de personas, entre ellos un funcionario de la Interpol y cinco guardias nacionales, fueron acusadas por la Fiscal\u00eda General de Venezuela por sus presuntos v\u00ednculos con el decomiso de un cargamento de droga en marzo en la Rep\u00fablica Dominicana. Eli\u00e9cer Garc\u00eda Torrealba, detective jefe de la Polic\u00eda Internacional en [&hellip;]<\/p>\n","protected":false},"author":7,"featured_media":50007,"comment_status":"open","ping_status":"open","sticky":false,"template":"","format":"standard","meta":{"footnotes":""},"categories":[40,48],"tags":[],"class_list":["post-50004","post","type-post","status-publish","format-standard","has-post-thumbnail","hentry","category-internacionales","category-venezuela"],"_links":{"self":[{"href":"https:\/\/2horizontes.com\/index.php?rest_route=\/wp\/v2\/posts\/50004","targetHints":{"allow":["GET"]}}],"collection":[{"href":"https:\/\/2horizontes.com\/index.php?rest_route=\/wp\/v2\/posts"}],"about":[{"href":"https:\/\/2horizontes.com\/index.php?rest_route=\/wp\/v2\/types\/post"}],"author":[{"embeddable":true,"href":"https:\/\/2horizontes.com\/index.php?rest_route=\/wp\/v2\/users\/7"}],"replies":[{"embeddable":true,"href":"https:\/\/2horizontes.com\/index.php?rest_route=%2Fwp%2Fv2%2Fcomments&post=50004"}],"version-history":[{"count":1,"href":"https:\/\/2horizontes.com\/index.php?rest_route=\/wp\/v2\/posts\/50004\/revisions"}],"predecessor-version":[{"id":50008,"href":"https:\/\/2horizontes.com\/index.php?rest_route=\/wp\/v2\/posts\/50004\/revisions\/50008"}],"wp:featuredmedia":[{"embeddable":true,"href":"https:\/\/2horizontes.com\/index.php?rest_route=\/wp\/v2\/media\/50007"}],"wp:attachment":[{"href":"https:\/\/2horizontes.com\/index.php?rest_route=%2Fwp%2Fv2%2Fmedia&parent=50004"}],"wp:term":[{"taxonomy":"category","embeddable":true,"href":"https:\/\/2horizontes.com\/index.php?rest_route=%2Fwp%2Fv2%2Fcategories&post=50004"},{"taxonomy":"post_tag","embeddable":true,"href":"https:\/\/2horizontes.com\/index.php?rest_route=%2Fwp%2Fv2%2Ftags&post=50004"}],"curies":[{"name":"wp","href":"https:\/\/api.w.org\/{rel}","templated":true}]}}